{"id":90917,"date":"2026-04-28T12:20:52","date_gmt":"2026-04-28T18:20:52","guid":{"rendered":"https:\/\/bambapolitica.com.mx\/?p=90917"},"modified":"2026-04-28T12:20:59","modified_gmt":"2026-04-28T18:20:59","slug":"sheinbaum-pide-a-milei-extraditar-a-fernando-n-por-huachicol-fiscal-es-importante-que-se-deporte","status":"publish","type":"post","link":"https:\/\/bambapolitica.com.mx\/index.php\/2026\/04\/28\/sheinbaum-pide-a-milei-extraditar-a-fernando-n-por-huachicol-fiscal-es-importante-que-se-deporte\/","title":{"rendered":"Sheinbaum pide a Milei extraditar a Fernando \u2018N\u2019 por huachicol fiscal: \u2018Es importante que se deporte\u2019"},"content":{"rendered":"\n<p>Claudia Sheinbaum pidi\u00f3 a Javier Milei apoyar la extradici\u00f3n de Fernando \u2018N\u2019, acusado de liderar una red de huachicol fiscal en M\u00e9xico.<\/p>\n\n\n\n<p>La presidenta Claudia Sheinbaum envi\u00f3 un mensaje a su hom\u00f3logo argentino, Javier Milei, respecto al caso de Fernando \u2018N\u2019, sobrino pol\u00edtico de Rafael Ojeda y presunto l\u00edder de una red de huachicol fiscal.<\/p>\n\n\n\n<p>La mandataria descart\u00f3 que este asunto se convierta en un conflicto pol\u00edtico con el gobierno argentino y expres\u00f3 que espera que, en el marco de la colaboraci\u00f3n en materia de seguridad, Fernando \u2018N\u2019 sea extraditado para enfrentar la justicia por los delitos que se le imputan en M\u00e9xico.<\/p>\n\n\n\n<p>\u201cEs una persona que est\u00e1 siendo investigada, tiene una orden de aprehensi\u00f3n y que, en el marco de colaboraci\u00f3n que se tiene en materia de justicia y seguridad, es importante que se extradite o se deporte\u201d, coment\u00f3 en la ma\u00f1anera de este 28 de abril.<\/p>\n\n\n\n<p>Fernando \u2018N\u2019 rechaza proceso de extradici\u00f3n<\/p>\n\n\n\n<p>El pasado 25 de abril se dio a conocer que Fernando \u2018N\u2019 rechaz\u00f3 ser extraditado a M\u00e9xico bajo el argumento de que \u201cno est\u00e1n garantizados sus plenos derechos en M\u00e9xico\u201d y teme por su vida si regresa al pa\u00eds.<\/p>\n\n\n\n<p>De acuerdo con versiones difundidas, la defensa del exmarino solicitar\u00e1 asilo pol\u00edtico en Argentina, pese a la investigaci\u00f3n en su contra por el caso de contrabando de combustible que oper\u00f3 durante a\u00f1os en la administraci\u00f3n de Andr\u00e9s Manuel L\u00f3pez Obrador.<\/p>\n\n\n\n<p>Hasta el momento no existe nueva informaci\u00f3n sobre la situaci\u00f3n legal de Fernando \u2018N\u2019. Sin embargo, el abogado del exfuncionario se\u00f1al\u00f3 que la deportaci\u00f3n de su cliente podr\u00eda ocurrir pronto, debido a que ingres\u00f3 de manera ilegal a Argentina con documentaci\u00f3n falsa. A\u00f1adi\u00f3 que depender\u00e1 de las autoridades argentinas determinar si contin\u00faa el proceso por falsificaci\u00f3n de documentos.<\/p>\n\n\n\n<p>\u00bfEn cu\u00e1nto tiempo se definir\u00e1 la situaci\u00f3n de Fernando \u2018N\u2019?<\/p>\n\n\n\n<p>Epigmenio Mendienta, abogado de Fernando \u2018N\u2019, explic\u00f3 que el proceso de extradici\u00f3n podr\u00eda resolverse en 60 d\u00edas, aunque puede extenderse si aparecen nuevos elementos o delitos adicionales.<\/p>\n\n\n\n<p>Otras versiones indican que autoridades argentinas determinaron extraditar a Fernando \u2018N\u2019 por petici\u00f3n de M\u00e9xico, aunque hasta ahora no existe anuncio oficial.<\/p>\n\n\n\n<p>Epigmenio Mendienta explic\u00f3 que primero debe revisarse si la solicitud cumple con los requisitos legales antes de que un tribunal analice su viabilidad. Tambi\u00e9n sostuvo que inici\u00f3 una investigaci\u00f3n adicional por el uso de documentaci\u00f3n irregular.<\/p>\n","protected":false},"excerpt":{"rendered":"<p>Claudia Sheinbaum pidi\u00f3 a Javier Milei apoyar la extradici\u00f3n de Fernando \u2018N\u2019, acusado de liderar&#8230;<\/p>\n","protected":false},"author":8,"featured_media":90918,"comment_status":"closed","ping_status":"closed","sticky":false,"template":"","format":"standard","meta":{"footnotes":""},"categories":[4],"tags":[],"class_list":["post-90917","post","type-post","status-publish","format-standard","has-post-thumbnail","hentry","category-noticias-del-dia"],"_links":{"self":[{"href":"https:\/\/bambapolitica.com.mx\/index.php\/wp-json\/wp\/v2\/posts\/90917","targetHints":{"allow":["GET"]}}],"collection":[{"href":"https:\/\/bambapolitica.com.mx\/index.php\/wp-json\/wp\/v2\/posts"}],"about":[{"href":"https:\/\/bambapolitica.com.mx\/index.php\/wp-json\/wp\/v2\/types\/post"}],"author":[{"embeddable":true,"href":"https:\/\/bambapolitica.com.mx\/index.php\/wp-json\/wp\/v2\/users\/8"}],"replies":[{"embeddable":true,"href":"https:\/\/bambapolitica.com.mx\/index.php\/wp-json\/wp\/v2\/comments?post=90917"}],"version-history":[{"count":1,"href":"https:\/\/bambapolitica.com.mx\/index.php\/wp-json\/wp\/v2\/posts\/90917\/revisions"}],"predecessor-version":[{"id":90919,"href":"https:\/\/bambapolitica.com.mx\/index.php\/wp-json\/wp\/v2\/posts\/90917\/revisions\/90919"}],"wp:featuredmedia":[{"embeddable":true,"href":"https:\/\/bambapolitica.com.mx\/index.php\/wp-json\/wp\/v2\/media\/90918"}],"wp:attachment":[{"href":"https:\/\/bambapolitica.com.mx\/index.php\/wp-json\/wp\/v2\/media?parent=90917"}],"wp:term":[{"taxonomy":"category","embeddable":true,"href":"https:\/\/bambapolitica.com.mx\/index.php\/wp-json\/wp\/v2\/categories?post=90917"},{"taxonomy":"post_tag","embeddable":true,"href":"https:\/\/bambapolitica.com.mx\/index.php\/wp-json\/wp\/v2\/tags?post=90917"}],"curies":[{"name":"wp","href":"https:\/\/api.w.org\/{rel}","templated":true}]}}