{"id":90927,"date":"2026-04-28T15:45:54","date_gmt":"2026-04-28T21:45:54","guid":{"rendered":"https:\/\/bambapolitica.com.mx\/?p=90927"},"modified":"2026-04-28T15:46:04","modified_gmt":"2026-04-28T21:46:04","slug":"ine-solicita-reunion-con-diputados-y-senadores-para-posponer-eleccion-judicial-de-2027-advertira-riesgos","status":"publish","type":"post","link":"https:\/\/bambapolitica.com.mx\/index.php\/2026\/04\/28\/ine-solicita-reunion-con-diputados-y-senadores-para-posponer-eleccion-judicial-de-2027-advertira-riesgos\/","title":{"rendered":"INE solicita reuni\u00f3n con diputados y senadores para posponer elecci\u00f3n judicial de 2027; advertir\u00e1 riesgos"},"content":{"rendered":"\n<p>Entre los riesgos, destac\u00f3 el costo adicional, la dificultad para separar las casillas y a los representantes de partidos pol\u00edticos, as\u00ed como los tiempos electorales para radio y televisi\u00f3n<\/p>\n\n\n\n<p>La consejera presidenta del Instituto Nacional Electoral (INE), Guadalupe Taddei, adelant\u00f3 que el instituto solicit\u00f3 una reuni\u00f3n t\u00e9cnica con las C\u00e1maras de Diputados y Senadores para mayo, a fin de advertir de la imposibilidad de celebrar las elecciones ordinarias y judiciales al mismo tiempo en 2027<\/p>\n\n\n\n<p>Entre los riesgos, destac\u00f3 el costo adicional, la dificultad para separar las casillas y a los representantes de partidos pol\u00edticos, as\u00ed como los tiempos electorales para radio y televisi\u00f3n.<\/p>\n\n\n\n<p>Esto en medio de dos iniciativas ya presentadas en ambas C\u00e1maras, que proponen posponer las elecciones judiciales para 2028.<\/p>\n\n\n\n<p>\u00bfPor qu\u00e9 el INE quiere posponer la elecci\u00f3n judicial?<\/p>\n\n\n\n<p>Detall\u00f3 que, a menos de que se hagan cambios para permitir accionar al INE, ser\u00eda materialmente complicado, pues advirti\u00f3 que las elecciones judiciales celebradas al mismo tiempo que las ordinarias implicar\u00eda un costo adicional.<\/p>\n\n\n\n<p>Guadalupe Taddei explic\u00f3 que tendr\u00edan que encontrar dos espacios distintos para su celebraci\u00f3n, principalmente porque los representantes de los partidos pol\u00edticos, quienes deben estar presentes en las casillas de elecciones ordinarias, no podr\u00edan \u201cni acercarse\u201d a las del poder judicial.<\/p>\n\n\n\n<p>Adem\u00e1s, record\u00f3 que, aunque la Secretar\u00eda de Educaci\u00f3n P\u00fablica (SEP) presta espacios para instalar las casillas, hay muchos otros lugares que son facilitados por vecinos, por lo que se entrar\u00eda en una complicaci\u00f3n.<\/p>\n\n\n\n<p>Habl\u00f3 tambi\u00e9n de las dificultades para definir dos modelos distintos de boletas electorales.<\/p>\n\n\n\n<p>La consejera presidenta del INE explic\u00f3 tambi\u00e9n que, si se tiene el mismo d\u00eda ambas elecciones, deber\u00e1n buscarse bodegas adicionales para colocar la documentaci\u00f3n electoral por separado.<\/p>\n\n\n\n<p>Adem\u00e1s, se\u00f1al\u00f3 otro problema: los tiempos de propaganda en radio y televisi\u00f3n para ambos procesos, pues no alcanzar\u00edan a promocionarse todos los candidatos.<\/p>\n\n\n\n<p>Guadalupe Taddei reconoci\u00f3 que la reutilizaci\u00f3n de los recursos, mamparas, material y personal ser\u00eda la principal ventaja de separar los procesos electorales<\/p>\n\n\n\n<p>Pues asegur\u00f3 que, de celebrarse en un mismo d\u00eda, tendr\u00edan que utilizarse dobles materiales.<\/p>\n\n\n\n<p>Adem\u00e1s de que el proceso de contrataci\u00f3n y capacitaci\u00f3n podr\u00eda disminuirse, al utilizar al mismo personal para unas elecciones, y el mismo para el otro, a fin de no duplicar al personal.<\/p>\n","protected":false},"excerpt":{"rendered":"<p>Entre los riesgos, destac\u00f3 el costo adicional, la dificultad para separar las casillas y a&#8230;<\/p>\n","protected":false},"author":8,"featured_media":90928,"comment_status":"closed","ping_status":"closed","sticky":false,"template":"","format":"standard","meta":{"footnotes":""},"categories":[4],"tags":[],"class_list":["post-90927","post","type-post","status-publish","format-standard","has-post-thumbnail","hentry","category-noticias-del-dia"],"_links":{"self":[{"href":"https:\/\/bambapolitica.com.mx\/index.php\/wp-json\/wp\/v2\/posts\/90927","targetHints":{"allow":["GET"]}}],"collection":[{"href":"https:\/\/bambapolitica.com.mx\/index.php\/wp-json\/wp\/v2\/posts"}],"about":[{"href":"https:\/\/bambapolitica.com.mx\/index.php\/wp-json\/wp\/v2\/types\/post"}],"author":[{"embeddable":true,"href":"https:\/\/bambapolitica.com.mx\/index.php\/wp-json\/wp\/v2\/users\/8"}],"replies":[{"embeddable":true,"href":"https:\/\/bambapolitica.com.mx\/index.php\/wp-json\/wp\/v2\/comments?post=90927"}],"version-history":[{"count":1,"href":"https:\/\/bambapolitica.com.mx\/index.php\/wp-json\/wp\/v2\/posts\/90927\/revisions"}],"predecessor-version":[{"id":90929,"href":"https:\/\/bambapolitica.com.mx\/index.php\/wp-json\/wp\/v2\/posts\/90927\/revisions\/90929"}],"wp:featuredmedia":[{"embeddable":true,"href":"https:\/\/bambapolitica.com.mx\/index.php\/wp-json\/wp\/v2\/media\/90928"}],"wp:attachment":[{"href":"https:\/\/bambapolitica.com.mx\/index.php\/wp-json\/wp\/v2\/media?parent=90927"}],"wp:term":[{"taxonomy":"category","embeddable":true,"href":"https:\/\/bambapolitica.com.mx\/index.php\/wp-json\/wp\/v2\/categories?post=90927"},{"taxonomy":"post_tag","embeddable":true,"href":"https:\/\/bambapolitica.com.mx\/index.php\/wp-json\/wp\/v2\/tags?post=90927"}],"curies":[{"name":"wp","href":"https:\/\/api.w.org\/{rel}","templated":true}]}}