{"id":90930,"date":"2026-04-28T17:10:03","date_gmt":"2026-04-28T23:10:03","guid":{"rendered":"https:\/\/bambapolitica.com.mx\/?p=90930"},"modified":"2026-04-28T17:10:38","modified_gmt":"2026-04-28T23:10:38","slug":"entre-las-montana-se-conmemoro-el-dcxxiv-aniversario-del-natalicio-de-nezahualcoyotl","status":"publish","type":"post","link":"https:\/\/bambapolitica.com.mx\/index.php\/2026\/04\/28\/entre-las-montana-se-conmemoro-el-dcxxiv-aniversario-del-natalicio-de-nezahualcoyotl\/","title":{"rendered":"ENTRE LAS MONTA\u00d1A SE CONMEMOR\u00d3 EL DCXXIV ANIVERSARIO DEL NATALICIO DE NEZAHUALC\u00d3YOTL"},"content":{"rendered":"\n<p>\u2022\tMuy cerca del lugar en donde naci\u00f3 Nezahualc\u00f3yotl, entre monta\u00f1as rodeadas de naturaleza se rindi\u00f3 homenaje al Rey Poeta<\/p>\n\n\n\n<p>\u2022\tNezahualc\u00f3yotl , es un personaje de talla mundial que a despertado el inter\u00e9s de muchos pa\u00edses que hoy investigan su vida y legado <\/p>\n\n\n\n<p>Con una ceremonia dedicada a los cuatro rumbos en el cerro del Metecatl iniciaron los festejos por el DCXXIV aniversario del natalicio del Rey Poeta Nezahualc\u00f3yotl, muy cerca de donde vio la primera luz del d\u00eda.<\/p>\n\n\n\n<p>La ceremonia en la que estuvo presente el Presidente Municipal Nazario Gutierrez Mart\u00ednez, fue realizada por integrantes de los pueblos n\u00e1huatl de Texcoco, en donde representantes de los pueblos originario del municipio y del representante ind\u00edgenas del municipio Isrrael Mart\u00ednez Trujano, se rindi\u00f3 homenaje al se\u00f1or de Texcoco, a Nezahualc\u00f3yotl.<\/p>\n\n\n\n<p>La ma\u00f1ana primaveral, son un cielo azul que en la cima de la monta\u00f1a cobij\u00f3 a los asistentes, se realiz\u00f3 la ceremonia para pedir permiso a los cuatro rumbos,  en su turno el Presidente Municipal Nazario Guti\u00e9rrez Mart\u00ednez, remarc\u00f3 la importancia del Rey Poeta para la cultura Acolhua, la cultura texcocana que hoy se siente orgullosa de su pueblo y tradiciones.<\/p>\n\n\n\n<p>\u201cPara Texcoco Nezahualc\u00f3yotl hoy es un personaje de clase mundial, que representa la lucha y unidad, liderazgo y sabidur\u00eda, sin dejar atr\u00e1s sus dotes como soberano, poeta, ingeniero y su cuidado de la naturaleza\u201d, expres\u00f3.<\/p>\n\n\n\n<p>Nazario Guti\u00e9rrez agradeci\u00f3 a los vecinos de San Dieguito Xochimanca, a las autoridades auxiliares por las facilidades para realizar esta ceremonia, sobre todo a los ejidatarios: \u201choy a 624 a\u00f1os de su nacimiento venimos recordando a Nezahualc\u00f3yotl , un personaje de talla mundial que ha despertado el inter\u00e9s de muchos pa\u00edses que hoy investigan su vida, lo que logr\u00f3 acaparar en t\u00edtulos y alientos, su obra y trabajo\u201d, dijo el presidente agradeciendo al Calpulli de Tocuila, a la cronista Martha Ortega Catabrana y a todos los que hoy participaron de este homenaje.<\/p>\n\n\n\n<p>As\u00ed el sonido del caracol y los cascabeles estremecieron las monta\u00f1as de Texcoco, con alegr\u00eda por conmemorar el nacimiento de uno de sus m\u00e1s entra\u00f1ables personajes en la historia de Texcoco y la historia de M\u00e9xico.<\/p>\n\n\n\n<p>En el cerro Metecatl, tambi\u00e9n hubo arte para recordar al Rey Poeta, y los alumnos de la Escuela Primaria Biling\u00fce Nezahualc\u00f3yotl, de Santa Catarina del Monte, recordaron su historia y sus poemas recordando el legado para la humanidad.<\/p>\n\n\n\n<p>En su turno la Cronista de Texcoco Martha Ortega Cantabrana, dijo: \u201cHoy nos convoca la memoria y el suspiro del viento que desde hace 624 a\u00f1os recorre las laderas de este lugar sagrado\u201d, iniciando as\u00ed su rese\u00f1a.<\/p>\n\n\n\n<p>Recalcando que: \u201cNo estamos en un conjunto de vestigios arqueol\u00f3gicos, estamos en el coraz\u00f3n del hombre que no necesit\u00f3 murallas ni grandezas, al que le bastaron los \u00e1rboles, flores y la naturaleza para enmarcar la grandeza de Nezahualc\u00f3yotl\u201d.<\/p>\n\n\n\n<p>Record\u00f3 que hoy el Tezcutzingo es m\u00e1s que una obra de ingenier\u00eda, es un espacio de la naturaleza, en donde Dios dialoga con la tierra y todo el mundo,  el que siendo un cerro \u00e1rido Nezahualc\u00f3yotl   construy\u00f3  el primer jard\u00edn bot\u00e1nico del mundo.<\/p>\n\n\n\n<p>Rememorando que Nezahualc\u00f3yotl naci\u00f3 el 28 de abril de 1402 y que \u201choy ser herederos de Texcoco es preservar este legado que es f\u00edsico y espiritual, que es el legado de Nezahualc\u00f3yotl\u201d.<\/p>\n\n\n\n<p>Y agreg\u00f3: \u201ceste a\u00f1o del 624 aniversario de Nezahualc\u00f3yotl, Texcoco ve a sus monta\u00f1as, para percibir el aroma del poleo,  el tabaco, y el monte, para recordar al personaje que vive en la eternidad y en la memoria de todas y todos los texcocanos\u201d.<\/p>\n\n\n\n<p>Como parte del homenaje a Nezahualc\u00f3yotl, se present\u00f3 la cocina tradicional prehisp\u00e1nica, en una gran convivencia, en donde se compartieron los alimentos de la regi\u00f3n, destacando la hospitalidad y generosidad de los pueblos originarios que ofrecen a los visitantes su comida tradicional.<\/p>\n\n\n\n<p>Al finalizar el evento, el Presidente Municipal de Texcoco hizo un llamado al pueblo Texcocanos, a los pueblos originarios para preservar las costumbres y tradiciones, as\u00ed como el homenaje a Nezahualc\u00f3yotl se\u00f1or de Texcoco, Rey Poeta, personaje de talla mundial que representa la grandeza de nuestra cultura.<\/p>\n","protected":false},"excerpt":{"rendered":"<p>\u2022 Muy cerca del lugar en donde naci\u00f3 Nezahualc\u00f3yotl, entre monta\u00f1as rodeadas de naturaleza se&#8230;<\/p>\n","protected":false},"author":8,"featured_media":90931,"comment_status":"closed","ping_status":"closed","sticky":false,"template":"","format":"standard","meta":{"footnotes":""},"categories":[4],"tags":[],"class_list":["post-90930","post","type-post","status-publish","format-standard","has-post-thumbnail","hentry","category-noticias-del-dia"],"_links":{"self":[{"href":"https:\/\/bambapolitica.com.mx\/index.php\/wp-json\/wp\/v2\/posts\/90930","targetHints":{"allow":["GET"]}}],"collection":[{"href":"https:\/\/bambapolitica.com.mx\/index.php\/wp-json\/wp\/v2\/posts"}],"about":[{"href":"https:\/\/bambapolitica.com.mx\/index.php\/wp-json\/wp\/v2\/types\/post"}],"author":[{"embeddable":true,"href":"https:\/\/bambapolitica.com.mx\/index.php\/wp-json\/wp\/v2\/users\/8"}],"replies":[{"embeddable":true,"href":"https:\/\/bambapolitica.com.mx\/index.php\/wp-json\/wp\/v2\/comments?post=90930"}],"version-history":[{"count":1,"href":"https:\/\/bambapolitica.com.mx\/index.php\/wp-json\/wp\/v2\/posts\/90930\/revisions"}],"predecessor-version":[{"id":90932,"href":"https:\/\/bambapolitica.com.mx\/index.php\/wp-json\/wp\/v2\/posts\/90930\/revisions\/90932"}],"wp:featuredmedia":[{"embeddable":true,"href":"https:\/\/bambapolitica.com.mx\/index.php\/wp-json\/wp\/v2\/media\/90931"}],"wp:attachment":[{"href":"https:\/\/bambapolitica.com.mx\/index.php\/wp-json\/wp\/v2\/media?parent=90930"}],"wp:term":[{"taxonomy":"category","embeddable":true,"href":"https:\/\/bambapolitica.com.mx\/index.php\/wp-json\/wp\/v2\/categories?post=90930"},{"taxonomy":"post_tag","embeddable":true,"href":"https:\/\/bambapolitica.com.mx\/index.php\/wp-json\/wp\/v2\/tags?post=90930"}],"curies":[{"name":"wp","href":"https:\/\/api.w.org\/{rel}","templated":true}]}}