{"id":90938,"date":"2026-04-29T07:36:34","date_gmt":"2026-04-29T13:36:34","guid":{"rendered":"https:\/\/bambapolitica.com.mx\/?p=90938"},"modified":"2026-04-29T07:40:16","modified_gmt":"2026-04-29T13:40:16","slug":"pipero-baleado-en-chimalhuacan-continua-grave-no-hay-rastro-del-agresor","status":"publish","type":"post","link":"https:\/\/bambapolitica.com.mx\/index.php\/2026\/04\/29\/pipero-baleado-en-chimalhuacan-continua-grave-no-hay-rastro-del-agresor\/","title":{"rendered":"Pipero baleado en Chimalhuac\u00e1n contin\u00faa grave; no hay rastro del agresor"},"content":{"rendered":"\n<p>A tres d\u00edas del ataque armado, la familia de la v\u00edctima exige resultados a las autoridades, mientras Christian permanece hospitalizado con lesiones graves y un pulm\u00f3n perforado<\/p>\n\n\n\n<p>A tres d\u00edas de haber sido v\u00edctima de un&nbsp;<strong>ataque con arma de fuego<\/strong>&nbsp;en el municipio de<strong>Chimalhuac\u00e1n<\/strong>,&nbsp;<strong>Christian<\/strong>, un joven de 20 a\u00f1os y&nbsp;<strong>operador de una pipa<\/strong>, contin\u00faa&nbsp;<strong>hospitalizado&nbsp;<\/strong>en estado&nbsp;<strong>delicado<\/strong>, mientras sus&nbsp;<strong>familiares&nbsp;<\/strong>exigen&nbsp;<strong>justicia<\/strong>&nbsp;y la pronta detenci\u00f3n del responsable.<\/p>\n\n\n\n<p>De acuerdo con sus allegados, el joven recibi\u00f3&nbsp;<strong>varios impactos de bala<\/strong>&nbsp;durante un&nbsp;<strong>altercado vial<\/strong>, lo que le provoc\u00f3 lesiones graves, entre ellas un&nbsp;<strong>pulm\u00f3n perforado<\/strong>. Desde el pasado s\u00e1bado<strong>25 de abril<\/strong>&nbsp;permanece&nbsp;<strong>internado&nbsp;<\/strong>en un&nbsp;<strong>hospital&nbsp;<\/strong>de&nbsp;<strong>Nezahualc\u00f3yotl<\/strong>.<\/p>\n\n\n\n<h3 class=\"wp-block-heading\">Un conflicto vial que termin\u00f3 en violencia<\/h3>\n\n\n\n<p>Seg\u00fan el reporte de autoridades municipales, los hechos ocurrieron en la calle Guerrero, en la\u00a0<strong>Cabecera Municipal de Chimalhuac\u00e1n<\/strong>, donde se vieron\u00a0<strong>involucrados\u00a0<\/strong>el\u00a0<strong>conductor\u00a0<\/strong>de una\u00a0<strong>camioneta\u00a0<\/strong>particular y la v\u00edctima.<\/p>\n\n\n\n<p>De manera preliminar, se indic\u00f3 que el automovilista no cedi\u00f3 el paso a la pipa al encontrarse de frente. Tras el incidente, Christian descendi\u00f3 de su unidad para\u00a0<strong>reclamar<\/strong>, momento en el que fue\u00a0<strong>agredido a tiros<\/strong>\u00a0por el otro conductor.<\/p>\n\n\n\n<p>El&nbsp;<strong>agresor huy\u00f3<\/strong>&nbsp;del lugar, dejando al&nbsp;<strong>joven gravemente herido<\/strong>&nbsp;sobre la cinta asf\u00e1ltica.<\/p>\n\n\n\n<h3 class=\"wp-block-heading\">Sin detenidos y con exigencias de justicia<\/h3>\n\n\n\n<p>El&nbsp;<strong>Ayuntamiento de Chimalhuac\u00e1n<\/strong>&nbsp;inform\u00f3 que, desde que se tuvo conocimiento de la agresi\u00f3n, se implement\u00f3 un&nbsp;<strong>despliegue policial<\/strong>&nbsp;para ubicar al responsable; sin embargo, hasta ahora<strong>no hay personas detenidas&nbsp;<\/strong>ni una identidad confirmada.<\/p>\n\n\n\n<p>Por su parte, la familia se\u00f1al\u00f3 que la&nbsp;<strong>Direcci\u00f3n de Seguridad P\u00fablica<\/strong>&nbsp;contin\u00faa con las diligencias, aunque acus\u00f3 que no existen avances claros en la investigaci\u00f3n.<\/p>\n\n\n\n<p>Asimismo, exigieron la intervenci\u00f3n de la<a rel=\"noreferrer noopener\" href=\"https:\/\/oem.com.mx\/elsoldetoluca\/local\/detienen-a-sujeto-por-agredir-a-mujer-en-temoaya-29696788\" target=\"_blank\">&nbsp;<strong>Fiscal\u00eda General de Justicia del Estado de M\u00e9xico<\/strong><\/a>, a fin de que, mediante el an\u00e1lisis de&nbsp;<strong>c\u00e1maras de videovigilancia<\/strong>, se logre identificar y detener al agresor.<\/p>\n\n\n\n<h3 class=\"wp-block-heading\">Estado de salud<\/h3>\n\n\n\n<p>Sobre la condici\u00f3n m\u00e9dica de Christian, sus familiares indicaron que, aunque fue reportado como&nbsp;<strong>grave<\/strong>, actualmente se mantiene&nbsp;<strong>estable<\/strong>, mientras contin\u00faa su recuperaci\u00f3n en un hospital de la zona de&nbsp;<strong>La Perla.<\/strong><\/p>\n","protected":false},"excerpt":{"rendered":"<p>A tres d\u00edas del ataque armado, la familia de la v\u00edctima exige resultados a las&#8230;<\/p>\n","protected":false},"author":8,"featured_media":90939,"comment_status":"closed","ping_status":"closed","sticky":false,"template":"","format":"standard","meta":{"footnotes":""},"categories":[4],"tags":[],"class_list":["post-90938","post","type-post","status-publish","format-standard","has-post-thumbnail","hentry","category-noticias-del-dia"],"_links":{"self":[{"href":"https:\/\/bambapolitica.com.mx\/index.php\/wp-json\/wp\/v2\/posts\/90938","targetHints":{"allow":["GET"]}}],"collection":[{"href":"https:\/\/bambapolitica.com.mx\/index.php\/wp-json\/wp\/v2\/posts"}],"about":[{"href":"https:\/\/bambapolitica.com.mx\/index.php\/wp-json\/wp\/v2\/types\/post"}],"author":[{"embeddable":true,"href":"https:\/\/bambapolitica.com.mx\/index.php\/wp-json\/wp\/v2\/users\/8"}],"replies":[{"embeddable":true,"href":"https:\/\/bambapolitica.com.mx\/index.php\/wp-json\/wp\/v2\/comments?post=90938"}],"version-history":[{"count":1,"href":"https:\/\/bambapolitica.com.mx\/index.php\/wp-json\/wp\/v2\/posts\/90938\/revisions"}],"predecessor-version":[{"id":90940,"href":"https:\/\/bambapolitica.com.mx\/index.php\/wp-json\/wp\/v2\/posts\/90938\/revisions\/90940"}],"wp:featuredmedia":[{"embeddable":true,"href":"https:\/\/bambapolitica.com.mx\/index.php\/wp-json\/wp\/v2\/media\/90939"}],"wp:attachment":[{"href":"https:\/\/bambapolitica.com.mx\/index.php\/wp-json\/wp\/v2\/media?parent=90938"}],"wp:term":[{"taxonomy":"category","embeddable":true,"href":"https:\/\/bambapolitica.com.mx\/index.php\/wp-json\/wp\/v2\/categories?post=90938"},{"taxonomy":"post_tag","embeddable":true,"href":"https:\/\/bambapolitica.com.mx\/index.php\/wp-json\/wp\/v2\/tags?post=90938"}],"curies":[{"name":"wp","href":"https:\/\/api.w.org\/{rel}","templated":true}]}}