{"id":90950,"date":"2026-04-29T08:43:19","date_gmt":"2026-04-29T14:43:19","guid":{"rendered":"https:\/\/bambapolitica.com.mx\/?p=90950"},"modified":"2026-04-29T08:43:27","modified_gmt":"2026-04-29T14:43:27","slug":"acusa-sindica-de-yecuatla-al-alcalde-chapulin-de-un-desfalco-de-1-millon-de-pesos-en-apenas-4-meses-de-gobierno","status":"publish","type":"post","link":"https:\/\/bambapolitica.com.mx\/index.php\/2026\/04\/29\/acusa-sindica-de-yecuatla-al-alcalde-chapulin-de-un-desfalco-de-1-millon-de-pesos-en-apenas-4-meses-de-gobierno\/","title":{"rendered":"ACUSA S\u00cdNDICA DE YECUATLA AL ALCALDE CHAPUL\u00cdN DE UN DESFALCO DE 1 MILL\u00d3N DE PESOS EN APENAS 4 MESES DE GOBIERNO"},"content":{"rendered":"\n<p>\u00a0De acuerdo con la s\u00edndica de Yecuatla, Ruth Esmeralda Salamanca Herrera, el presidente municipal de ese municipio, Rolando Jim\u00e9nez P\u00e9rez, suma un presunto desfalco cercano al mill\u00f3n de pesos en apenas los primeros cuatro meses de su administraci\u00f3n. <br><\/p>\n\n\n\n<p>A decir de la edil, las irregularidades estar\u00edan relacionadas con la contrataci\u00f3n de artistas a costos elevados y a la adquisici\u00f3n de herramientas para veh\u00edculos del ayuntamiento con precios superiores a los del mercado, entre otras anomal\u00edas. Junto con la regidora Amidea Marisol Mart\u00ednez Albino, la s\u00edndica se\u00f1al\u00f3 adem\u00e1s que no firmar\u00e1n documentos que consideren inconsistentes o que pudieran implicar un mal uso de recursos p\u00fablicos. <\/p>\n\n\n\n<p>Por su parte, el alcalde emiti\u00f3 se\u00f1alamientos en contra de las integrantes del cabildo, en un contexto de desacuerdos debido a intereses pol\u00edticos y personales de las funcionarias municipales. Cabe recordar que hace casi un mes, los tres integrantes del Cabildo estuvieron presentes en el Congreso del Estado, donde firmaron un acuerdo en el que se compromet\u00edan a diversas situaciones con el fin de trabajar por el municipio. Seg\u00fan el alcalde, ellas lo obligaron a comprarles veh\u00edculos nuevos y ponerles ch\u00f3fer; por el contrario, las ediles se\u00f1alaron que no les han proporcionado toda la informaci\u00f3n, ni se les ha permitido integrar a sus equipos de trabajo a la administraci\u00f3n municipal.<\/p>\n","protected":false},"excerpt":{"rendered":"<p>\u00a0De acuerdo con la s\u00edndica de Yecuatla, Ruth Esmeralda Salamanca Herrera, el presidente municipal de&#8230;<\/p>\n","protected":false},"author":8,"featured_media":90951,"comment_status":"closed","ping_status":"closed","sticky":false,"template":"","format":"standard","meta":{"footnotes":""},"categories":[4],"tags":[],"class_list":["post-90950","post","type-post","status-publish","format-standard","has-post-thumbnail","hentry","category-noticias-del-dia"],"_links":{"self":[{"href":"https:\/\/bambapolitica.com.mx\/index.php\/wp-json\/wp\/v2\/posts\/90950","targetHints":{"allow":["GET"]}}],"collection":[{"href":"https:\/\/bambapolitica.com.mx\/index.php\/wp-json\/wp\/v2\/posts"}],"about":[{"href":"https:\/\/bambapolitica.com.mx\/index.php\/wp-json\/wp\/v2\/types\/post"}],"author":[{"embeddable":true,"href":"https:\/\/bambapolitica.com.mx\/index.php\/wp-json\/wp\/v2\/users\/8"}],"replies":[{"embeddable":true,"href":"https:\/\/bambapolitica.com.mx\/index.php\/wp-json\/wp\/v2\/comments?post=90950"}],"version-history":[{"count":1,"href":"https:\/\/bambapolitica.com.mx\/index.php\/wp-json\/wp\/v2\/posts\/90950\/revisions"}],"predecessor-version":[{"id":90952,"href":"https:\/\/bambapolitica.com.mx\/index.php\/wp-json\/wp\/v2\/posts\/90950\/revisions\/90952"}],"wp:featuredmedia":[{"embeddable":true,"href":"https:\/\/bambapolitica.com.mx\/index.php\/wp-json\/wp\/v2\/media\/90951"}],"wp:attachment":[{"href":"https:\/\/bambapolitica.com.mx\/index.php\/wp-json\/wp\/v2\/media?parent=90950"}],"wp:term":[{"taxonomy":"category","embeddable":true,"href":"https:\/\/bambapolitica.com.mx\/index.php\/wp-json\/wp\/v2\/categories?post=90950"},{"taxonomy":"post_tag","embeddable":true,"href":"https:\/\/bambapolitica.com.mx\/index.php\/wp-json\/wp\/v2\/tags?post=90950"}],"curies":[{"name":"wp","href":"https:\/\/api.w.org\/{rel}","templated":true}]}}