{"id":90953,"date":"2026-04-29T08:46:53","date_gmt":"2026-04-29T14:46:53","guid":{"rendered":"https:\/\/bambapolitica.com.mx\/?p=90953"},"modified":"2026-04-29T08:47:12","modified_gmt":"2026-04-29T14:47:12","slug":"recuperan-carcamos-en-texcoco-para-evitar-inundaciones","status":"publish","type":"post","link":"https:\/\/bambapolitica.com.mx\/index.php\/2026\/04\/29\/recuperan-carcamos-en-texcoco-para-evitar-inundaciones\/","title":{"rendered":"Recuperan c\u00e1rcamos en Texcoco para evitar inundaciones"},"content":{"rendered":"\n<p>La rehabilitaci\u00f3n integral de los c\u00e1rcamos San Sim\u00f3n y Tulantongo protege el patrimonio y garantiza mejores condiciones de vida para la poblaci\u00f3n de Texcoco.<\/p>\n\n\n\n<p>Estas mejoras son resultado de un esfuerzo tripartita (federal, estatal y municipal) con una inversi\u00f3n de 17.5 millones de pesos.<\/p>\n\n\n\n<p>Como parte del Plan Integral de Oriente impulsado por la presidenta Claudia Sheinbaum, la Comisi\u00f3n Nacional del Agua (Conagua), entreg\u00f3 la rehabilitaci\u00f3n integral de los c\u00e1rcamos de bombeo San Sim\u00f3n y Tulantongo, en Texcoco, Estado de M\u00e9xico. Estas obras benefician directamente a 10,600 habitantes, gracias a una inversi\u00f3n conjunta de 17.5 millones de pesos aportada por los tres \u00f3rdenes de gobierno.<\/p>\n\n\n\n<p>Al respecto, en representaci\u00f3n de Efra\u00edn Morales L\u00f3pez, director general de la Conagua, Citlalli Peraza Camacho, directora general del Organismo de Cuenca Aguas del Valle de M\u00e9xico (OCAVM), destac\u00f3 que estas obras representan un esfuerzo conjunto para garantizar el derecho humano al agua y a un medio ambiente sano. Explic\u00f3 que tan solo en Texcoco se invierten cerca de 113 millones de pesos en 25 proyectos h\u00eddricos, lo que subraya un cambio de paradigma al entregar resultados concretos frente a la ciudadan\u00eda.<\/p>\n\n\n\n<p>En ese sentido, detall\u00f3 que las intervenciones incrementaron de forma sustancial la capacidad para el manejo de aguas en el municipio. El C\u00e1rcamo San Sim\u00f3n rescat\u00f3 su operatividad al pasar de 0 a 110 litros por segundo (lps) mediante nuevos equipos de bombeo, mientras que la instalaci\u00f3n de Tulantongo aument\u00f3 su capacidad de 80 a 180 lps con la modernizaci\u00f3n de sus sistemas electromec\u00e1nicos.<\/p>\n\n\n\n<p>Para asegurar la continuidad del servicio ante fallas en la red o eventualidades clim\u00e1ticas, ambos recintos fueron equipados con plantas de emergencia a di\u00e9sel y nuevos transformadores. Adem\u00e1s, se fortaleci\u00f3 la infraestructura con la instalaci\u00f3n de sistemas de izaje, luminarias solares y seguridad f\u00edsica perimetral, garantizando instalaciones resilientes y seguras.<\/p>\n\n\n\n<p>Por su parte, Beatriz Garc\u00eda Villegas, vocal ejecutiva de la Comisi\u00f3n del Agua del Estado de M\u00e9xico (CAEM), resalt\u00f3 la coordinaci\u00f3n interinstitucional para atender las prioridades urgentes dentro del Plan Integral de Oriente. Adem\u00e1s, hizo un fuerte llamado a fomentar la educaci\u00f3n h\u00eddrica y la concientizaci\u00f3n ciudadana para evitar que la basura llegue a los drenajes, recordando que los c\u00e1rcamos son el equivalente a los \u00abri\u00f1ones\u00bb de las comunidades y su \u00f3ptimo funcionamiento es vital para evitar inundaciones que pongan en riesgo los a\u00f1os de trabajo, los bienes y el patrimonio de las familias mexiquenses.<\/p>\n\n\n\n<p>En su intervenci\u00f3n, el presidente municipal de Texcoco, Nazario Guti\u00e9rrez Mart\u00ednez, extern\u00f3 su profundo agradecimiento a las autoridades federales y estatales por no escatimar en la atenci\u00f3n a su municipio, reconociendo el impulso de la presidenta Claudia Sheinbaum y la gobernadora Delfina G\u00f3mez. Celebr\u00f3 la decisi\u00f3n de priorizar el bienestar de los habitantes de Tulantongo y San Sim\u00f3n, destacando que equipamientos como la nueva planta de emergencia a di\u00e9sel de arranque autom\u00e1tico brindar\u00e1n tranquilidad total a los vecinos, ya que el sistema de desalojo de aguas negras no se detendr\u00e1 ni siquiera frente a cortes de energ\u00eda el\u00e9ctrica. Finalmente, la Conagua reafirma su compromiso inquebrantable de proteger el bienestar y el patrimonio de los habitantes del Valle de M\u00e9xico, pero, sobre todo, de fortalecer las acciones que contribuyan a que tengan mejores condiciones de vida<\/p>\n","protected":false},"excerpt":{"rendered":"<p>La rehabilitaci\u00f3n integral de los c\u00e1rcamos San Sim\u00f3n y Tulantongo protege el patrimonio y garantiza&#8230;<\/p>\n","protected":false},"author":8,"featured_media":90954,"comment_status":"closed","ping_status":"closed","sticky":false,"template":"","format":"standard","meta":{"footnotes":""},"categories":[4],"tags":[],"class_list":["post-90953","post","type-post","status-publish","format-standard","has-post-thumbnail","hentry","category-noticias-del-dia"],"_links":{"self":[{"href":"https:\/\/bambapolitica.com.mx\/index.php\/wp-json\/wp\/v2\/posts\/90953","targetHints":{"allow":["GET"]}}],"collection":[{"href":"https:\/\/bambapolitica.com.mx\/index.php\/wp-json\/wp\/v2\/posts"}],"about":[{"href":"https:\/\/bambapolitica.com.mx\/index.php\/wp-json\/wp\/v2\/types\/post"}],"author":[{"embeddable":true,"href":"https:\/\/bambapolitica.com.mx\/index.php\/wp-json\/wp\/v2\/users\/8"}],"replies":[{"embeddable":true,"href":"https:\/\/bambapolitica.com.mx\/index.php\/wp-json\/wp\/v2\/comments?post=90953"}],"version-history":[{"count":1,"href":"https:\/\/bambapolitica.com.mx\/index.php\/wp-json\/wp\/v2\/posts\/90953\/revisions"}],"predecessor-version":[{"id":90955,"href":"https:\/\/bambapolitica.com.mx\/index.php\/wp-json\/wp\/v2\/posts\/90953\/revisions\/90955"}],"wp:featuredmedia":[{"embeddable":true,"href":"https:\/\/bambapolitica.com.mx\/index.php\/wp-json\/wp\/v2\/media\/90954"}],"wp:attachment":[{"href":"https:\/\/bambapolitica.com.mx\/index.php\/wp-json\/wp\/v2\/media?parent=90953"}],"wp:term":[{"taxonomy":"category","embeddable":true,"href":"https:\/\/bambapolitica.com.mx\/index.php\/wp-json\/wp\/v2\/categories?post=90953"},{"taxonomy":"post_tag","embeddable":true,"href":"https:\/\/bambapolitica.com.mx\/index.php\/wp-json\/wp\/v2\/tags?post=90953"}],"curies":[{"name":"wp","href":"https:\/\/api.w.org\/{rel}","templated":true}]}}