{"id":90956,"date":"2026-04-29T08:49:49","date_gmt":"2026-04-29T14:49:49","guid":{"rendered":"https:\/\/bambapolitica.com.mx\/?p=90956"},"modified":"2026-04-29T08:49:57","modified_gmt":"2026-04-29T14:49:57","slug":"ariadna-montiel-deja-secretaria-del-bienestar-para-irse-a-dirigir-morena-la-sustituye-ramirez-amaya","status":"publish","type":"post","link":"https:\/\/bambapolitica.com.mx\/index.php\/2026\/04\/29\/ariadna-montiel-deja-secretaria-del-bienestar-para-irse-a-dirigir-morena-la-sustituye-ramirez-amaya\/","title":{"rendered":"Ariadna Montiel deja Secretar\u00eda del Bienestar para irse a dirigir Morena; la sustituye Ram\u00edrez Amaya"},"content":{"rendered":"\n<p>La presidenta Claudia Sheinbaum inform\u00f3 que Leticia Ram\u00edrez Amaya ser\u00e1 quien reemplace a Ariadna Montiel, quien deja la Secretar\u00eda del Bienestar \u201cpara avanzar en otras tareas del Movimiento al que pertenecemos todas\u201d.<\/p>\n\n\n\n<p>Leticia se desempe\u00f1\u00f3 como secretaria de Educaci\u00f3n P\u00fablica durante la administraci\u00f3n del expresidente Andr\u00e9s Manuel L\u00f3pez Obrador, y actualmente colaboraba con Sheinbaum en la Presidencia.<\/p>\n\n\n\n<p>La mandataria federal reconoci\u00f3 el trabajo de Montiel al frente de la instituci\u00f3n encargada de distribuir apoyos como la pensi\u00f3n para adultos mayores y los programas dirigidos a personas con discapacidad, informaci\u00f3n que grab\u00f3 junto a integrantes de la dependencia.<\/p>\n\n\n\n<p>\u201cEl d\u00eda de hoy, Ariadna me ha dicho que deja a la Secretar\u00eda de Bienestar porque quiere avanzar en otras tareas del movimiento al que pertenecemos todas y todos\u201d, expres\u00f3 Sheinbaum, al subrayar que desde el gobierno se mantiene la defensa del proyecto de transformaci\u00f3n de la vida p\u00fablica del pa\u00eds.<\/p>\n\n\n\n<p>\u201cLeti va a ser ahora la secretaria de Bienestar, ocupa el lugar de Ariadna\u201d, indic\u00f3 la presidenta, al destacar la trayectoria de Ram\u00edrez Amaya, con quien \u2014dijo\u2014 ha trabajado desde hace a\u00f1os en tareas territoriales.<\/p>\n\n\n\n<p>Sheinbaum tambi\u00e9n aprovech\u00f3 el mensaje para reiterar que los programas sociales se mantienen garantizados como derechos constitucionales, por lo que, asegur\u00f3, no pueden ser retirados.<\/p>\n\n\n\n<p>\u201cQue sepan que los programas est\u00e1n, como siempre, en la Constituci\u00f3n, que ya nadie puede quitarle la pensi\u00f3n y todos los programas de bienestar al pueblo de M\u00e9xico\u201d, afirm\u00f3.<\/p>\n\n\n\n<p>En el video, Montiel agradeci\u00f3 la confianza de la presidenta, mientras que Ram\u00edrez Amaya expres\u00f3 su compromiso con la continuidad de los programas sociales.<\/p>\n\n\n\n<p>La salida de Montiel ocurre en un contexto en el que diversas figuras han comenzado a reacomodarse rumbo a la elecci\u00f3n del 2027.<\/p>\n\n\n\n<p>En este caso, la secretaria del Bienestar buscar\u00e1 ser la nueva dirigente Nacional de Morena, cuyo congreso fue convocado para el siguiente 3 de mayo.<\/p>\n\n\n\n<p>Sheinbaum concluy\u00f3 el mensaje dese\u00e1ndole \u00e9xito a la ahora exsecretaria en sus nuevas tareas y reiter\u00f3 que el equipo de Bienestar continuar\u00e1 trabajando \u201cpor el pueblo de M\u00e9xico\u201d.<\/p>\n\n\n\n<p>\u201cMe siento muy orgullosa de formar parte de la Cuarta Transformaci\u00f3n y de contribuir a que el bienestar sea un derecho para el pueblo de M\u00e9xico\u201d, expres\u00f3 Montiel en sus redes sociales al informar de su renuncia.<\/p>\n\n\n\n<p>Coment\u00f3 que busca participar en la elecci\u00f3n de la Presidencia Nacional de Morena: \u201cNos mueven los principios del Humanismo Mexicano y la convicci\u00f3n de seguir organiz\u00e1ndonos para que la transformaci\u00f3n contin\u00fae\u201d.<\/p>\n\n\n\n<p>En su mensaje, aprovech\u00f3 para agradecer al expresidente Andr\u00e9s Manuel L\u00f3pez Obrador y asegur\u00f3 que cierra esta etapa \u201ccon la satisfacci\u00f3n del deber cumplido\u201d.<\/p>\n","protected":false},"excerpt":{"rendered":"<p>La presidenta Claudia Sheinbaum inform\u00f3 que Leticia Ram\u00edrez Amaya ser\u00e1 quien reemplace a Ariadna Montiel,&#8230;<\/p>\n","protected":false},"author":8,"featured_media":90957,"comment_status":"closed","ping_status":"closed","sticky":false,"template":"","format":"standard","meta":{"footnotes":""},"categories":[4],"tags":[],"class_list":["post-90956","post","type-post","status-publish","format-standard","has-post-thumbnail","hentry","category-noticias-del-dia"],"_links":{"self":[{"href":"https:\/\/bambapolitica.com.mx\/index.php\/wp-json\/wp\/v2\/posts\/90956","targetHints":{"allow":["GET"]}}],"collection":[{"href":"https:\/\/bambapolitica.com.mx\/index.php\/wp-json\/wp\/v2\/posts"}],"about":[{"href":"https:\/\/bambapolitica.com.mx\/index.php\/wp-json\/wp\/v2\/types\/post"}],"author":[{"embeddable":true,"href":"https:\/\/bambapolitica.com.mx\/index.php\/wp-json\/wp\/v2\/users\/8"}],"replies":[{"embeddable":true,"href":"https:\/\/bambapolitica.com.mx\/index.php\/wp-json\/wp\/v2\/comments?post=90956"}],"version-history":[{"count":1,"href":"https:\/\/bambapolitica.com.mx\/index.php\/wp-json\/wp\/v2\/posts\/90956\/revisions"}],"predecessor-version":[{"id":90958,"href":"https:\/\/bambapolitica.com.mx\/index.php\/wp-json\/wp\/v2\/posts\/90956\/revisions\/90958"}],"wp:featuredmedia":[{"embeddable":true,"href":"https:\/\/bambapolitica.com.mx\/index.php\/wp-json\/wp\/v2\/media\/90957"}],"wp:attachment":[{"href":"https:\/\/bambapolitica.com.mx\/index.php\/wp-json\/wp\/v2\/media?parent=90956"}],"wp:term":[{"taxonomy":"category","embeddable":true,"href":"https:\/\/bambapolitica.com.mx\/index.php\/wp-json\/wp\/v2\/categories?post=90956"},{"taxonomy":"post_tag","embeddable":true,"href":"https:\/\/bambapolitica.com.mx\/index.php\/wp-json\/wp\/v2\/tags?post=90956"}],"curies":[{"name":"wp","href":"https:\/\/api.w.org\/{rel}","templated":true}]}}