{"id":90959,"date":"2026-04-29T08:53:29","date_gmt":"2026-04-29T14:53:29","guid":{"rendered":"https:\/\/bambapolitica.com.mx\/?p=90959"},"modified":"2026-04-29T08:54:25","modified_gmt":"2026-04-29T14:54:25","slug":"cobarde-de-flaca-memoria-papa-de-cuitlahuac-por-atacar-a-rocio-nahle","status":"publish","type":"post","link":"https:\/\/bambapolitica.com.mx\/index.php\/2026\/04\/29\/cobarde-de-flaca-memoria-papa-de-cuitlahuac-por-atacar-a-rocio-nahle\/","title":{"rendered":"COBARDE DE FLACA MEMORIA PAPA DE CUITL\u00c1HUAC POR ATACAR A ROCI\u00d3 NAHLE"},"content":{"rendered":"\n<p>Editorial Plumas Libres. Error y muy grave es el de la gobernadora Rocio Nahle quien pese a las claras evidencias de que Cuitl\u00e1huac Garc\u00eda le hered\u00f3 un gobierno quebrado, ella no ha procedido con autorizar se abra una investigaci\u00f3n y luego se proceda penalmente para que el ex gobernador rinda cuentas y regrese algo de lo mucho que el y sus m\u00e1s cercanos, se llevaron Nos preguntamos que fumo, que se tomo o que le pico a Atanasio Garc\u00eda Duran para que saliera a decir en entrevista que MORENA cometi\u00f3 un grave error al traer a Roci\u00f3 Nahle a gobernar Veracruz cuando seg\u00fan el no lo conoce. El, lucio furibundo, indignado y casi casi lanzaba fuego x la boca cuando evidentemente recibi\u00f3 l\u00ednea de su hijo para salir a atacar, denostar a la gobernadora Rocio Nahle, que insistimos se ha pasado de buena con Cuitl\u00e1huac y sus secuaces. El presunto profesor llego a la legislatura del Estado buscando ser entrevistado y luego ya no aguanto lo que tra\u00eda guardado y dijo \u201cme sumo a las voces, mucha gente lo dice as\u00ed y yo me sumo a ello\u201d, al agregar que Rocio Nahle no conoce al Estado y no tiene visi\u00f3n ni idea de hacia a donde lleva a Veracruz. Y luego con una desfachatez que asombra se atrevi\u00f3 a decir que \u201cnosotros arrasamos, ganamos diputaciones federales, estatales, ganamos todo\u201d como insinuando que su hijo fue el art\u00edfice de ese triunfo cuando la opini\u00f3n p\u00fablica sabe de sobra que en el 2018 el que arras\u00f3 en las elecciones fue AMLO y su triunfo jal\u00f3 sufragios para todos los candidatos de MORENA, entre estos su hijo que como todos sabemos tuvo el gobierno m\u00e1s desastroso que tenga memoria el Estado de Veracruz. Nos preguntamos si el se\u00f1or Atanasio Garc\u00eda sufre de amnesia, no recordara que su hijo fue acusado de entregar el Estado a la delincuencia organizada?, no sabe que entreg\u00f3 una entidad totalmente quebrada y con crecimiento desmesurado de la deuda, no sabe que su hijo dej\u00f3 robar a lo descarado a sus m\u00e1s cercanos colaboradores varios de los cuales ahora presumen hoteles, cadenas de restaurantes, ranchos, caballos purasangre, su propio hijo sali\u00f3 con propiedades en zonas de playas, construy\u00f3 nidos de amor en varios municipios del Estado con recursos p\u00fablicos y adem\u00e1s llev\u00f3 al Estado a los primeros lugares de violencia y desapariciones. No terminamos hoy la lista de irregularidades que Cuitl\u00e1huac Garc\u00eda cometi\u00f3 en detrimento del Estado y todo, absolutamente todo, se los ha perdonado la gobernadora Rocio Nahle seguramente para no da\u00f1ar a su partido MORENA. Por eso se nos hace injusto que este personaje olvide la clase de papel que desempe\u00f1\u00f3 su hijo como gobernador y ahora sea tan cobarde para salir a atacar a su propia compa\u00f1era de partido que adem\u00e1s de ser una dama, se ha portado muy bien con su v\u00e1stago y sus c\u00f3mplices. No tiene memoria y sufre \u201camnesia\u201d a su conveniencia. Estos hechos deber\u00edan servir para que la gobernadora reflexione y llame a cuentas a esta gente desagradecida que act\u00faa seguramente resentida y muy dolida porque probablemente se acostumbraron a vivir en la plenitud del \u201cpinche poder\u201d y a\u00f1oran regresar a esos 6 a\u00f1os de jolgorio, abuso de poder e impunidad. Don Atanasio deber\u00eda \u201clavarse\u201d la boca antes de que vuelva a denostar la labor de la gobernadora que como dice Ricardo Ahued en una misiva respetuosa, est\u00e1 visitando el Estado para inaugurar trabajos y preocupada x renegociar la brutal deuda que le hered\u00f3 su hijo. Lo otro que nos preguntamos es qu\u00e9 intereses les afecto la gobernadora para que ahora la ataquen, digo, si lo hace uno de oposici\u00f3n es considerado normal, pero un personaje de su propio partido eso si llama poderosamente la atenci\u00f3n. Pero que sirva este mensaje que le manda el grupo Cuitl\u00e1huac a Roci\u00f3 Nahle para que sepa por donde le seguir\u00e1n viniendo las traiciones, la gente de su mismo partido ya NO se esconde la ataca frontalmente sin respetar su INVESTIDURA y esto si ya es digno de analizarse y comentarse. Ser\u00eda muy conveniente que la gobernadora ya termine de limpiar MORENA y el gabinete de los cuitlahuistas pues est\u00e1n esperando y obteniendo informaci\u00f3n para atacarla como ya lo adelanta el Pap\u00e1 c\u00f3modo. Al PRI, lo destruyeron sus propios militantes, pero duraron 80 a\u00f1os en el poder, los MORENOS apenas llevan 8 a\u00f1os en el poder y ya se atacan entre ellos. Hasta cuando ??? \\ LRB Libres.<\/p>\n","protected":false},"excerpt":{"rendered":"<p>Editorial Plumas Libres. Error y muy grave es el de la gobernadora Rocio Nahle quien&#8230;<\/p>\n","protected":false},"author":8,"featured_media":90960,"comment_status":"closed","ping_status":"closed","sticky":false,"template":"","format":"standard","meta":{"footnotes":""},"categories":[4],"tags":[],"class_list":["post-90959","post","type-post","status-publish","format-standard","has-post-thumbnail","hentry","category-noticias-del-dia"],"_links":{"self":[{"href":"https:\/\/bambapolitica.com.mx\/index.php\/wp-json\/wp\/v2\/posts\/90959","targetHints":{"allow":["GET"]}}],"collection":[{"href":"https:\/\/bambapolitica.com.mx\/index.php\/wp-json\/wp\/v2\/posts"}],"about":[{"href":"https:\/\/bambapolitica.com.mx\/index.php\/wp-json\/wp\/v2\/types\/post"}],"author":[{"embeddable":true,"href":"https:\/\/bambapolitica.com.mx\/index.php\/wp-json\/wp\/v2\/users\/8"}],"replies":[{"embeddable":true,"href":"https:\/\/bambapolitica.com.mx\/index.php\/wp-json\/wp\/v2\/comments?post=90959"}],"version-history":[{"count":1,"href":"https:\/\/bambapolitica.com.mx\/index.php\/wp-json\/wp\/v2\/posts\/90959\/revisions"}],"predecessor-version":[{"id":90961,"href":"https:\/\/bambapolitica.com.mx\/index.php\/wp-json\/wp\/v2\/posts\/90959\/revisions\/90961"}],"wp:featuredmedia":[{"embeddable":true,"href":"https:\/\/bambapolitica.com.mx\/index.php\/wp-json\/wp\/v2\/media\/90960"}],"wp:attachment":[{"href":"https:\/\/bambapolitica.com.mx\/index.php\/wp-json\/wp\/v2\/media?parent=90959"}],"wp:term":[{"taxonomy":"category","embeddable":true,"href":"https:\/\/bambapolitica.com.mx\/index.php\/wp-json\/wp\/v2\/categories?post=90959"},{"taxonomy":"post_tag","embeddable":true,"href":"https:\/\/bambapolitica.com.mx\/index.php\/wp-json\/wp\/v2\/tags?post=90959"}],"curies":[{"name":"wp","href":"https:\/\/api.w.org\/{rel}","templated":true}]}}