{"id":90963,"date":"2026-04-29T09:04:37","date_gmt":"2026-04-29T15:04:37","guid":{"rendered":"https:\/\/bambapolitica.com.mx\/?p=90963"},"modified":"2026-04-29T09:04:44","modified_gmt":"2026-04-29T15:04:44","slug":"es-tiempo-de-cohesion-de-trabajo-y-de-resultados-alejandro-carrillo-nuevo-presidente-del-consejo-consultivo","status":"publish","type":"post","link":"https:\/\/bambapolitica.com.mx\/index.php\/2026\/04\/29\/es-tiempo-de-cohesion-de-trabajo-y-de-resultados-alejandro-carrillo-nuevo-presidente-del-consejo-consultivo\/","title":{"rendered":"Es tiempo de Cohesi\u00f3n, de trabajo y de resultados: Alejandro Carrillo, nuevo presidente del Consejo Consultivo"},"content":{"rendered":"\n<p>Es un momento hist\u00f3rico para el Estado de M\u00ebxico y para la defensa de los derechos humanos, pues despu\u00e9s de un a\u00f1o de trabajos, foros y an\u00e1lisis, nuestra entidad tiene una Ley integral que impulsa la libertad de expresi\u00f3n y otorga beneficios sociales y laborales a las y los periodistas mexiquenses y, por ende, a las personas defensoras de los derechos humanos, dijo Jes\u00fas George Zamora, titular de la Consejer\u00eda Jur\u00eddica del gobierno mexiquense.<\/p>\n\n\n\n<p><br>En sesi\u00f3n solemne, el titular de la Consejer\u00eda Jur\u00eddica del Gobierno del Estado de M\u00e9xico, Jes\u00fas George Zamora, tom\u00f3 protesta a los 26 personas que cumplieron los requisitos para integrar el Consejo Consultivo del Mecanismo de Protecci\u00f3n a Periodistas y Defensores de los Derechos Humanos para el periodo 2026-2030, mismos que en votaci\u00f3n an\u00f3nima escogieron al nuevo presidente, secretaria e integrantes de la junta de gobierno<\/p>\n\n\n\n<p>.<br>Luego de rendir protesta los 13 propietarios y 13 suplentes, Jes\u00fas George hizo entrega de las acreditaciones correspondientes y se\u00f1al\u00f3 la preocupaci\u00f3n de la gobernadora Delfina G\u00f3mez por hacer prevalecer los derechos de los mexiquenses as\u00ed como impulsar beneficios al periodismo en el Estado de M\u00e9xico.<\/p>\n\n\n\n<p><br>Posteriormente en Votaci\u00f3n econ\u00f3mica, los titulares votaron para que el periodista Manuel Alejandro Carrillo Segovia ocupe el cargo de Presidente del Consejo Consultivo por un periodo de dos a\u00f1os, mientras que la activista y defensora de los derechos humanos Fabiola Vite Torres ocupar\u00e1 la secretar\u00eda por el mismo periodo, se integraron tambi\u00e9n como integrantes de la junta de gobierno la periodista Maricruz Rivera Garz\u00f3n y Juan Antonio Mondrag\u00f3n defensor de los Derechos Humanos.<br><\/p>\n\n\n\n<p>En su momento el nuevo presidente, Manuel Alejandro Carrillo exhort\u00f3 a los integrantes del mecanismo a trabajar de la mano para lograr las metas deseadas y responder a las necesidades de periodistas y defensores de los derechos humanos en la medida de las atribuciones y con el respaldo de la Ley en vigor.<br>\u201cHabremos de generar un trabajo de equipo, un equipo que ser\u00e1 incluyente y activo para bien de los sectores que conf\u00edan en los trabajos del Mecanismo de Protecci\u00f3n a Periodistas y Defensores de los Derechos Humanos, se\u00f1al\u00f3, es tiempo de trabajo, de cohesi\u00f3n y de resultados\u201d manifest\u00f3 el periodista mexiquense.<\/p>\n","protected":false},"excerpt":{"rendered":"<p>Es un momento hist\u00f3rico para el Estado de M\u00ebxico y para la defensa de los&#8230;<\/p>\n","protected":false},"author":3,"featured_media":90964,"comment_status":"closed","ping_status":"closed","sticky":false,"template":"","format":"standard","meta":{"footnotes":""},"categories":[4],"tags":[],"class_list":["post-90963","post","type-post","status-publish","format-standard","has-post-thumbnail","hentry","category-noticias-del-dia"],"_links":{"self":[{"href":"https:\/\/bambapolitica.com.mx\/index.php\/wp-json\/wp\/v2\/posts\/90963","targetHints":{"allow":["GET"]}}],"collection":[{"href":"https:\/\/bambapolitica.com.mx\/index.php\/wp-json\/wp\/v2\/posts"}],"about":[{"href":"https:\/\/bambapolitica.com.mx\/index.php\/wp-json\/wp\/v2\/types\/post"}],"author":[{"embeddable":true,"href":"https:\/\/bambapolitica.com.mx\/index.php\/wp-json\/wp\/v2\/users\/3"}],"replies":[{"embeddable":true,"href":"https:\/\/bambapolitica.com.mx\/index.php\/wp-json\/wp\/v2\/comments?post=90963"}],"version-history":[{"count":1,"href":"https:\/\/bambapolitica.com.mx\/index.php\/wp-json\/wp\/v2\/posts\/90963\/revisions"}],"predecessor-version":[{"id":90965,"href":"https:\/\/bambapolitica.com.mx\/index.php\/wp-json\/wp\/v2\/posts\/90963\/revisions\/90965"}],"wp:featuredmedia":[{"embeddable":true,"href":"https:\/\/bambapolitica.com.mx\/index.php\/wp-json\/wp\/v2\/media\/90964"}],"wp:attachment":[{"href":"https:\/\/bambapolitica.com.mx\/index.php\/wp-json\/wp\/v2\/media?parent=90963"}],"wp:term":[{"taxonomy":"category","embeddable":true,"href":"https:\/\/bambapolitica.com.mx\/index.php\/wp-json\/wp\/v2\/categories?post=90963"},{"taxonomy":"post_tag","embeddable":true,"href":"https:\/\/bambapolitica.com.mx\/index.php\/wp-json\/wp\/v2\/tags?post=90963"}],"curies":[{"name":"wp","href":"https:\/\/api.w.org\/{rel}","templated":true}]}}