{"id":90970,"date":"2026-04-29T09:18:00","date_gmt":"2026-04-29T15:18:00","guid":{"rendered":"https:\/\/bambapolitica.com.mx\/?p=90970"},"modified":"2026-04-29T09:18:30","modified_gmt":"2026-04-29T15:18:30","slug":"caloron-brutal-en-jalisco","status":"publish","type":"post","link":"https:\/\/bambapolitica.com.mx\/index.php\/2026\/04\/29\/caloron-brutal-en-jalisco\/","title":{"rendered":"\u00a1CALOR\u00d3N BRUTAL EN JALISCO!"},"content":{"rendered":"\n<p>Un sistema de alta presi\u00f3n mantendr\u00e1 cielos despejados y temperaturas extremas, con el jueves como el d\u00eda m\u00e1s intenso. A partir del viernes, el calor podr\u00eda bajar ligeramente.<\/p>\n\n\n\n<p>\ud83c\udf21\ufe0f Hasta 40\u00b0C en algunas regiones del estado<br>\ud83c\udf2c\ufe0f Vientos fuertes con rachas de hasta 70 km\/h<br>\ud83c\udf27\ufe0f Lluvias aisladas en zonas serranas<\/p>\n\n\n\n<p>\u26a0\ufe0f Riesgos: golpes de calor, incendios forestales y tolvaneras<\/p>\n\n\n\n<p>\ud83d\udea8 En alerta gran parte del estado, incluido el AMG<\/p>\n\n\n\n<p>\ud83d\udee1\ufe0f Recomendaciones:<br>\ud83d\udca7 Hidr\u00e1tate<br>\u2600\ufe0f Evita el sol de 11:00 a 16:00 hrs<br>\ud83e\uddf4 Usa protector solar<br>\ud83c\udf2c\ufe0f Asegura objetos ante el viento<\/p>\n\n\n\n<p>Mantente atento a actualizaciones oficiales.<\/p>\n","protected":false},"excerpt":{"rendered":"<p>Un sistema de alta presi\u00f3n mantendr\u00e1 cielos despejados y temperaturas extremas, con el jueves como&#8230;<\/p>\n","protected":false},"author":3,"featured_media":90971,"comment_status":"closed","ping_status":"closed","sticky":false,"template":"","format":"standard","meta":{"footnotes":""},"categories":[4],"tags":[],"class_list":["post-90970","post","type-post","status-publish","format-standard","has-post-thumbnail","hentry","category-noticias-del-dia"],"_links":{"self":[{"href":"https:\/\/bambapolitica.com.mx\/index.php\/wp-json\/wp\/v2\/posts\/90970","targetHints":{"allow":["GET"]}}],"collection":[{"href":"https:\/\/bambapolitica.com.mx\/index.php\/wp-json\/wp\/v2\/posts"}],"about":[{"href":"https:\/\/bambapolitica.com.mx\/index.php\/wp-json\/wp\/v2\/types\/post"}],"author":[{"embeddable":true,"href":"https:\/\/bambapolitica.com.mx\/index.php\/wp-json\/wp\/v2\/users\/3"}],"replies":[{"embeddable":true,"href":"https:\/\/bambapolitica.com.mx\/index.php\/wp-json\/wp\/v2\/comments?post=90970"}],"version-history":[{"count":1,"href":"https:\/\/bambapolitica.com.mx\/index.php\/wp-json\/wp\/v2\/posts\/90970\/revisions"}],"predecessor-version":[{"id":90972,"href":"https:\/\/bambapolitica.com.mx\/index.php\/wp-json\/wp\/v2\/posts\/90970\/revisions\/90972"}],"wp:featuredmedia":[{"embeddable":true,"href":"https:\/\/bambapolitica.com.mx\/index.php\/wp-json\/wp\/v2\/media\/90971"}],"wp:attachment":[{"href":"https:\/\/bambapolitica.com.mx\/index.php\/wp-json\/wp\/v2\/media?parent=90970"}],"wp:term":[{"taxonomy":"category","embeddable":true,"href":"https:\/\/bambapolitica.com.mx\/index.php\/wp-json\/wp\/v2\/categories?post=90970"},{"taxonomy":"post_tag","embeddable":true,"href":"https:\/\/bambapolitica.com.mx\/index.php\/wp-json\/wp\/v2\/tags?post=90970"}],"curies":[{"name":"wp","href":"https:\/\/api.w.org\/{rel}","templated":true}]}}