{"id":90979,"date":"2026-04-29T12:28:07","date_gmt":"2026-04-29T18:28:07","guid":{"rendered":"https:\/\/bambapolitica.com.mx\/?p=90979"},"modified":"2026-04-29T12:28:12","modified_gmt":"2026-04-29T18:28:12","slug":"plan-de-sheinbaum-para-el-acero-ahorcara-a-china-los-paises-afectados-por-el-acuerdo","status":"publish","type":"post","link":"https:\/\/bambapolitica.com.mx\/index.php\/2026\/04\/29\/plan-de-sheinbaum-para-el-acero-ahorcara-a-china-los-paises-afectados-por-el-acuerdo\/","title":{"rendered":"\u00bfPlan de Sheinbaum para el acero \u2018ahorcar\u00e1\u2019 a China? Los pa\u00edses afectados por el acuerdo"},"content":{"rendered":"\n<p>El plan de Sheinbaum para la industria sider\u00fargica fortalecer\u00e1 el uso del acero mexicano por lo que se reducir\u00e1 la importaci\u00f3n de algunos pa\u00edses.<\/p>\n\n\n\n<p>China y Corea ser\u00eda los pa\u00edses afectados por el plan de la presidenta Claudia Sheinbaum para fortalecer la industria del acero en M\u00e9xico, debido a que se reducir\u00e1 la importaci\u00f3n.<\/p>\n\n\n\n<p>\u201cPusimos aranceles al acero que provienen de pa\u00edses que no tienen acuerdo comercial con M\u00e9xico, eso limita la importaci\u00f3n de acero\u201d, explic\u00f3 la mandataria durante su conferencia \u2018ma\u00f1anera\u2019 de este mi\u00e9rcoles 29 de abril.<\/p>\n\n\n\n<p>Sergio de la Maza, presidente de la C\u00e1mara Nacional de la Industria del Hierro y del Acero (Canacero), detall\u00f3 que el acero utilizado en M\u00e9xico proviene de pa\u00edses sin tratado comercial como China y Corea.<\/p>\n\n\n\n<p>La mandataria agreg\u00f3 que hay tipos de acero especial que no se producen en el pa\u00eds, por lo que se seguir\u00e1n importando, pero se dar\u00e1 preferencia a la industria nacional, por lo que la importaci\u00f3n disminuir\u00e1.<\/p>\n\n\n\n<p>\u00bfQu\u00e9 sabemos del plan de Sheinbaum para fortalecer la industria del acero en M\u00e9xico?<\/p>\n\n\n\n<p>El acuerdo con la industria sider\u00fargica es para fortalecer la producci\u00f3n nacional de acero, impulsar el empleo y reducir la dependencia de importaciones, en l\u00ednea con el Plan M\u00e9xico y el Plan Nacional de Desarrollo.<\/p>\n\n\n\n<p>La secretaria de Anticorrupci\u00f3n y Buen Gobierno, Raquel Buenrostro, inform\u00f3 que el Gobierno mexicano logr\u00f3 un acuerdo de colaboraci\u00f3n entre el sector p\u00fablico y la industria del acero y de la construcci\u00f3n, con el objetivo de \u201cdesarrollar los mecanismos que garanticen el fortalecimiento del empleo, el crecimiento econ\u00f3mico y la industrializaci\u00f3n de nuestro pa\u00eds\u201d.<\/p>\n\n\n\n<p>Buenrostro explic\u00f3 que el convenio contempla tres ejes: contrataciones p\u00fablicas, financiamiento para infraestructura y compromisos vinculados a programas de vivienda.<\/p>\n\n\n\n<p>\u201cEl Gobierno acuerda tomar varias acciones para el fomento de la industria sider\u00fargica mexicana\u201d, se\u00f1al\u00f3 Buenrostro, al destacar que las compras p\u00fablicas buscar\u00e1n garantizar \u201cabasto, calidad, precios justos y por lo tanto fomento de la industria\u201d.<\/p>\n\n\n\n<p>Ebrard destaca el valor de la industria del acero en M\u00e9xico<\/p>\n\n\n\n<p>El secretario de Econom\u00eda, Marcelo Ebrard, subray\u00f3 la relevancia estrat\u00e9gica del sector al afirmar que se trata de \u201cuna industria extraordinariamente importante para la autonom\u00eda, para yo dir\u00eda, hasta la seguridad de nuestra cadena productiva\u201d.<\/p>\n\n\n\n<p>Ebrard a\u00f1adi\u00f3 que la siderurgia mexicana provee insumos esenciales para casi todas las cadenas industriales y sostuvo que el objetivo del acuerdo es que \u201clo preferente es comprar lo que se puede usar. No nada m\u00e1s el precio, importa mucho d\u00f3nde se hace\u201d.<\/p>\n\n\n\n<p>El excanciller se\u00f1al\u00f3 que es importante \u201cprimero ver lo que hacemos aqu\u00ed en nuestro pa\u00eds\u201d y resumi\u00f3 que el acuerdo busca que \u201cM\u00e9xico importe menos y produzca m\u00e1s\u201d.<\/p>\n\n\n\n<p>Sergio de la Maza calific\u00f3 el acuerdo como \u201cun paso decisivo para fortalecer a nuestro sector, elevar el contenido nacional y avanzar en la sustituci\u00f3n de importaciones\u201d.<\/p>\n\n\n\n<p>El presidente de Canacero asegur\u00f3 adem\u00e1s que el convenio permitir\u00e1 respaldar \u201ccerca de 90 mil empleos directos\u201d y dar certidumbre a inversiones.<\/p>\n\n\n\n<p>El Gobierno y 19 instituciones p\u00fablicas, junto con tres c\u00e1maras empresariales, asumieron el compromiso de fortalecer la industria sider\u00fargica mexicana.<\/p>\n\n\n\n<p>*Con informaci\u00f3n de EFE<\/p>\n","protected":false},"excerpt":{"rendered":"<p>El plan de Sheinbaum para la industria sider\u00fargica fortalecer\u00e1 el uso del acero mexicano por&#8230;<\/p>\n","protected":false},"author":8,"featured_media":90980,"comment_status":"closed","ping_status":"closed","sticky":false,"template":"","format":"standard","meta":{"footnotes":""},"categories":[4],"tags":[],"class_list":["post-90979","post","type-post","status-publish","format-standard","has-post-thumbnail","hentry","category-noticias-del-dia"],"_links":{"self":[{"href":"https:\/\/bambapolitica.com.mx\/index.php\/wp-json\/wp\/v2\/posts\/90979","targetHints":{"allow":["GET"]}}],"collection":[{"href":"https:\/\/bambapolitica.com.mx\/index.php\/wp-json\/wp\/v2\/posts"}],"about":[{"href":"https:\/\/bambapolitica.com.mx\/index.php\/wp-json\/wp\/v2\/types\/post"}],"author":[{"embeddable":true,"href":"https:\/\/bambapolitica.com.mx\/index.php\/wp-json\/wp\/v2\/users\/8"}],"replies":[{"embeddable":true,"href":"https:\/\/bambapolitica.com.mx\/index.php\/wp-json\/wp\/v2\/comments?post=90979"}],"version-history":[{"count":1,"href":"https:\/\/bambapolitica.com.mx\/index.php\/wp-json\/wp\/v2\/posts\/90979\/revisions"}],"predecessor-version":[{"id":90981,"href":"https:\/\/bambapolitica.com.mx\/index.php\/wp-json\/wp\/v2\/posts\/90979\/revisions\/90981"}],"wp:featuredmedia":[{"embeddable":true,"href":"https:\/\/bambapolitica.com.mx\/index.php\/wp-json\/wp\/v2\/media\/90980"}],"wp:attachment":[{"href":"https:\/\/bambapolitica.com.mx\/index.php\/wp-json\/wp\/v2\/media?parent=90979"}],"wp:term":[{"taxonomy":"category","embeddable":true,"href":"https:\/\/bambapolitica.com.mx\/index.php\/wp-json\/wp\/v2\/categories?post=90979"},{"taxonomy":"post_tag","embeddable":true,"href":"https:\/\/bambapolitica.com.mx\/index.php\/wp-json\/wp\/v2\/tags?post=90979"}],"curies":[{"name":"wp","href":"https:\/\/api.w.org\/{rel}","templated":true}]}}