{"id":90982,"date":"2026-04-29T12:38:09","date_gmt":"2026-04-29T18:38:09","guid":{"rendered":"https:\/\/bambapolitica.com.mx\/?p=90982"},"modified":"2026-04-29T12:38:26","modified_gmt":"2026-04-29T18:38:26","slug":"dictan-prision-preventiva-a-alcalde-de-tlalnepantla-morelos-es-acusado-de-violacion-contra-adolescente","status":"publish","type":"post","link":"https:\/\/bambapolitica.com.mx\/index.php\/2026\/04\/29\/dictan-prision-preventiva-a-alcalde-de-tlalnepantla-morelos-es-acusado-de-violacion-contra-adolescente\/","title":{"rendered":"Dictan prisi\u00f3n preventiva a alcalde de Tlalnepantla, Morelos: Es acusado de violaci\u00f3n contra adolescente"},"content":{"rendered":"\n<p>En audiencia inicial, el alcalde de Tlalnepantla fue imputado formalmente por tres delitos sexuales en contra de un menor de edad.<\/p>\n\n\n\n<p>En un hecho que ha sacudido la estructura pol\u00edtica del estado de Morelos, la Fiscal\u00eda Regional Oriente inform\u00f3 que un juez de control ha dictado la medida cautelar de prisi\u00f3n preventiva oficiosa en contra de Jorge Armando \u201cN\u201d, actual presidente municipal de Tlalnepantla, municipio de Morelos.<\/p>\n\n\n\n<p>El funcionario es se\u00f1alado como probable responsable de los delitos de violaci\u00f3n, corrupci\u00f3n de personas menores de edad y abuso sexual agravado, cometidos presuntamente en contra de un adolescente.<\/p>\n\n\n\n<p>Los hechos que derivaron en la captura del edil ocurrieron el pasado s\u00e1bado 25 de abril. De acuerdo con los reportes oficiales de la investigaci\u00f3n, el alcalde Jorge Armando \u201cN\u201d fue sorprendido por elementos de la polic\u00eda en un predio ubicado estrat\u00e9gicamente a orillas de la carretera que conecta los municipios de Yautepec y Tlayacapan.<\/p>\n\n\n\n<p>La intervenci\u00f3n policial se produjo en condiciones de flagrancia, lo que permiti\u00f3 el aseguramiento inmediato del servidor p\u00fablico. Tras ser puesto a disposici\u00f3n de las autoridades competentes, el juez de control calific\u00f3 de legal la detenci\u00f3n, validando los procedimientos realizados por los agentes aprehensores y dando inicio formal a las etapas del proceso penal que hoy lo mantienen tras las rejas.<\/p>\n\n\n\n<p>Durante la audiencia inicial, el agente del Ministerio P\u00fablico especializado formul\u00f3 la imputaci\u00f3n formal por los tres delitos mencionados. Ante la gravedad de las acusaciones y la naturaleza de la v\u00edctima (menor de edad), el juzgador determin\u00f3 que el imputado deber\u00e1 permanecer internado en el Centro Estatal de Reinserci\u00f3n Social (Cereso) de Cuautla.<\/p>\n\n\n\n<p>Adem\u00e1s, se estableci\u00f3 un plazo para el desahogo de la audiencia de vinculaci\u00f3n a proceso, donde se definir\u00e1 si existen elementos suficientes para continuar con el juicio.<\/p>\n\n\n\n<p>Un aspecto que ha generado una fuerte controversia en la opini\u00f3n p\u00fablica es la composici\u00f3n del equipo legal de Jorge Armando \u201cN\u201d. La defensa del alcalde est\u00e1 encabezada por Edgar Rodolfo N\u00fa\u00f1ez Urquiza, quien anteriormente se desempe\u00f1\u00f3 como vicefiscal Anticorrupci\u00f3n en el estado, acompa\u00f1ado por dos ex agentes del Ministerio P\u00fablico. La presencia de ex funcionarios de alto nivel en la fiscal\u00eda dentro de la defensa del imputado ha puesto la lupa sobre el caso, exigiendo una transparencia absoluta por parte del Poder Judicial.<\/p>\n\n\n\n<p>La pol\u00e9mica sobre el \u201cconsentimiento\u201d y el Marco Legal<\/p>\n\n\n\n<p>A ra\u00edz de la detenci\u00f3n, diversos comunicadores y sectores de la sociedad civil han difundido versiones que pretenden presentar el caso bajo una luz distinta. Algunos argumentos sugieren que la v\u00edctima, un adolescente de 14 a\u00f1os, manten\u00eda una relaci\u00f3n de amistad previa con el alcalde y que los actos habr\u00edan sido \u201cconsensuados\u201d.<\/p>\n\n\n\n<p>Sin embargo, expertos en la defensa del Inter\u00e9s Superior de la Ni\u00f1ez han sido enf\u00e1ticos en se\u00f1alar la improcedencia de estos argumentos como atenuantes. En el marco legal mexicano, y espec\u00edficamente en delitos de \u00edndole sexual contra menores de edad, el concepto de \u201cconsentimiento\u201d es inexistente o est\u00e1 viciado por la asimetr\u00eda de poder, la madurez emocional y el desarrollo cognitivo de la v\u00edctima.<\/p>\n\n\n\n<p>En este contexto, surge el debate sobre la figura del estupro, definido en el C\u00f3digo Penal Federal (Art. 262) como la c\u00f3pula con una persona mayor de 15 pero menor de 18 a\u00f1os, obtenida mediante enga\u00f1o.<\/p>\n\n\n\n<p>No obstante, en el caso del alcalde de Tlalnepantla, las imputaciones de violaci\u00f3n y abuso sexual agravado implican niveles de violencia o aprovechamiento que superan la figura del estupro, especialmente considerando que la v\u00edctima tiene solo 14 a\u00f1os, situ\u00e1ndolo en una categor\u00eda de protecci\u00f3n reforzada por las leyes nacionales e internacionales.<\/p>\n\n\n\n<p>S\u00edndica encabeza temporalmente la administraci\u00f3n municipal de Tlalnepantla, Morelos<\/p>\n\n\n\n<p>El subsecretario de Gobierno de Morelos, Miguel \u00c1ngel Pel\u00e1ez, inform\u00f3 que, tras la detenci\u00f3n del alcalde de Tlalnepantla, Jorge Armando \u201cN\u201d, la s\u00edndica Marisa Contreras Garc\u00eda asumi\u00f3 la conducci\u00f3n del Ayuntamiento conforme a la Ley Org\u00e1nica Municipal.<\/p>\n\n\n\n<p>Precis\u00f3 que el encargo puede mantenerse hasta por 90 d\u00edas; en caso de que el alcalde no pueda retornar el presidente suplente ocupar\u00e1 el cargo.<\/p>\n","protected":false},"excerpt":{"rendered":"<p>En audiencia inicial, el alcalde de Tlalnepantla fue imputado formalmente por tres delitos sexuales en&#8230;<\/p>\n","protected":false},"author":8,"featured_media":90983,"comment_status":"closed","ping_status":"closed","sticky":false,"template":"","format":"standard","meta":{"footnotes":""},"categories":[4],"tags":[],"class_list":["post-90982","post","type-post","status-publish","format-standard","has-post-thumbnail","hentry","category-noticias-del-dia"],"_links":{"self":[{"href":"https:\/\/bambapolitica.com.mx\/index.php\/wp-json\/wp\/v2\/posts\/90982","targetHints":{"allow":["GET"]}}],"collection":[{"href":"https:\/\/bambapolitica.com.mx\/index.php\/wp-json\/wp\/v2\/posts"}],"about":[{"href":"https:\/\/bambapolitica.com.mx\/index.php\/wp-json\/wp\/v2\/types\/post"}],"author":[{"embeddable":true,"href":"https:\/\/bambapolitica.com.mx\/index.php\/wp-json\/wp\/v2\/users\/8"}],"replies":[{"embeddable":true,"href":"https:\/\/bambapolitica.com.mx\/index.php\/wp-json\/wp\/v2\/comments?post=90982"}],"version-history":[{"count":1,"href":"https:\/\/bambapolitica.com.mx\/index.php\/wp-json\/wp\/v2\/posts\/90982\/revisions"}],"predecessor-version":[{"id":90984,"href":"https:\/\/bambapolitica.com.mx\/index.php\/wp-json\/wp\/v2\/posts\/90982\/revisions\/90984"}],"wp:featuredmedia":[{"embeddable":true,"href":"https:\/\/bambapolitica.com.mx\/index.php\/wp-json\/wp\/v2\/media\/90983"}],"wp:attachment":[{"href":"https:\/\/bambapolitica.com.mx\/index.php\/wp-json\/wp\/v2\/media?parent=90982"}],"wp:term":[{"taxonomy":"category","embeddable":true,"href":"https:\/\/bambapolitica.com.mx\/index.php\/wp-json\/wp\/v2\/categories?post=90982"},{"taxonomy":"post_tag","embeddable":true,"href":"https:\/\/bambapolitica.com.mx\/index.php\/wp-json\/wp\/v2\/tags?post=90982"}],"curies":[{"name":"wp","href":"https:\/\/api.w.org\/{rel}","templated":true}]}}