{"id":90988,"date":"2026-04-29T13:55:34","date_gmt":"2026-04-29T19:55:34","guid":{"rendered":"https:\/\/bambapolitica.com.mx\/?p=90988"},"modified":"2026-04-29T13:56:00","modified_gmt":"2026-04-29T19:56:00","slug":"quien-es-enrique-inzunza-cazarez-senador-de-morena-acusado-de-narcotrafico-por-eu","status":"publish","type":"post","link":"https:\/\/bambapolitica.com.mx\/index.php\/2026\/04\/29\/quien-es-enrique-inzunza-cazarez-senador-de-morena-acusado-de-narcotrafico-por-eu\/","title":{"rendered":"Qui\u00e9n es Enrique Inzunza C\u00e1zarez, senador de Morena acusado de narcotr\u00e1fico por EU?"},"content":{"rendered":"\n<p>El Senado inform\u00f3 que Enrique Inzunza C\u00e1zarez pidi\u00f3 licencia, se inform\u00f3 en la sesi\u00f3n de este mi\u00e9rcoles 29 de abril.<\/p>\n\n\n\n<p>Donald Trump \u2018cimbra\u2019 al Gobierno de Sinaloa: El Departamento de Justicia revel\u00f3 una acusaci\u00f3n contra el gobernador Rub\u00e9n Rocha y otros nueve funcionarios p\u00fablicos por su presunta participaci\u00f3n en un esquema para proteger a Los Chapitos.<\/p>\n\n\n\n<p>Los acusados son actuales o exfuncionarios de alto nivel del gobierno y de corporaciones de seguridad de Sinaloa. Presuntamente habr\u00edan colaborado con el C\u00e1rtel de Sinaloa para distribuir grandes cantidades de narc\u00f3ticos hacia Estados Unidos\u201d, dijo el fiscal de Estados Unidos para el Distrito Sur de Nueva York, Jay Clayton, en un comunicado.<\/p>\n\n\n\n<p>Entre las personas acusadas formalmente por el Gobierno de EU est\u00e1 Enrique Inzunza Cazarez, senador de Morena por Sinaloa, quien formar\u00e1 parte de la pr\u00f3xima Comisi\u00f3n Permanente cuando el Congreso de la Uni\u00f3n entre en receso.<\/p>\n\n\n\n<p>\u00bfQui\u00e9n es Enrique Inzunza C\u00e1zarez?<\/p>\n\n\n\n<p>En sus primeros a\u00f1os de carrera, de 1993 a 1996, trabaj\u00f3 como bibliotecario adscrito a la Direcci\u00f3n General de Bibliotecas de la Universidad Aut\u00f3noma de Sinaloa.<\/p>\n\n\n\n<p>Su experiencia en la administraci\u00f3n p\u00fablica incluye el periodo de 1999 a 2001 como asesor de la Unidad de Estudios Constitucionales y Legislativos de la Secretar\u00eda General de Sinaloa. Asimismo, de 1996 a 1999 fue coordinador de Investigaci\u00f3n Jur\u00eddica del Instituto de Capacitaci\u00f3n Judicial del Supremo Tribunal de Justicia.<\/p>\n\n\n\n<p>Entre 2008 y 2010 se desempe\u00f1\u00f3 como magistrado adscrito a la Magistratura III del Supremo Tribunal de Justicia del Estado de Sinaloa. Antes, de 2001 a 2008, fue director del Instituto de Capacitaci\u00f3n Judicial del Supremo Tribunal de Justicia.<\/p>\n\n\n\n<p>Enrique Inzunza C\u00e1zarez ocup\u00f3 el cargo de magistrado presidente del Supremo Tribunal de Justicia del Estado de Sinaloa. En 2015, fue magistrado adscrito a la Magistratura III del mismo tribunal.<\/p>\n\n\n\n<p>Enrique Inzunza C\u00e1zarez, quien fue secretario general de la administraci\u00f3n de Quirino Ordaz, exgobernador de Sinaloa, lleg\u00f3 al Senado como candidato de Morena en la elecci\u00f3n de 2024.<\/p>\n\n\n\n<p>\u201cNo es una aspiraci\u00f3n personal, sino que se inscribe en buscar fortalecer un proyecto de Estado para revertir muchas d\u00e9cadas de gobierno que hirieron\u201d, dijo en octubre de 2023 sobre su candidatura.<\/p>\n\n\n\n<p>Enrique Inzunza C\u00e1zarez integr\u00f3 la f\u00f3rmula de Morena para el Senado junto con Imelda Castro Castro. Ganaron la elecci\u00f3n con una diferencia de m\u00e1s de 300 mil votos contra los candidatos de la alianza PAN-PRI-PRD.<\/p>\n","protected":false},"excerpt":{"rendered":"<p>El Senado inform\u00f3 que Enrique Inzunza C\u00e1zarez pidi\u00f3 licencia, se inform\u00f3 en la sesi\u00f3n de&#8230;<\/p>\n","protected":false},"author":8,"featured_media":90989,"comment_status":"closed","ping_status":"closed","sticky":false,"template":"","format":"standard","meta":{"footnotes":""},"categories":[4],"tags":[],"class_list":["post-90988","post","type-post","status-publish","format-standard","has-post-thumbnail","hentry","category-noticias-del-dia"],"_links":{"self":[{"href":"https:\/\/bambapolitica.com.mx\/index.php\/wp-json\/wp\/v2\/posts\/90988","targetHints":{"allow":["GET"]}}],"collection":[{"href":"https:\/\/bambapolitica.com.mx\/index.php\/wp-json\/wp\/v2\/posts"}],"about":[{"href":"https:\/\/bambapolitica.com.mx\/index.php\/wp-json\/wp\/v2\/types\/post"}],"author":[{"embeddable":true,"href":"https:\/\/bambapolitica.com.mx\/index.php\/wp-json\/wp\/v2\/users\/8"}],"replies":[{"embeddable":true,"href":"https:\/\/bambapolitica.com.mx\/index.php\/wp-json\/wp\/v2\/comments?post=90988"}],"version-history":[{"count":1,"href":"https:\/\/bambapolitica.com.mx\/index.php\/wp-json\/wp\/v2\/posts\/90988\/revisions"}],"predecessor-version":[{"id":90990,"href":"https:\/\/bambapolitica.com.mx\/index.php\/wp-json\/wp\/v2\/posts\/90988\/revisions\/90990"}],"wp:featuredmedia":[{"embeddable":true,"href":"https:\/\/bambapolitica.com.mx\/index.php\/wp-json\/wp\/v2\/media\/90989"}],"wp:attachment":[{"href":"https:\/\/bambapolitica.com.mx\/index.php\/wp-json\/wp\/v2\/media?parent=90988"}],"wp:term":[{"taxonomy":"category","embeddable":true,"href":"https:\/\/bambapolitica.com.mx\/index.php\/wp-json\/wp\/v2\/categories?post=90988"},{"taxonomy":"post_tag","embeddable":true,"href":"https:\/\/bambapolitica.com.mx\/index.php\/wp-json\/wp\/v2\/tags?post=90988"}],"curies":[{"name":"wp","href":"https:\/\/api.w.org\/{rel}","templated":true}]}}