{"id":90995,"date":"2026-04-30T05:35:19","date_gmt":"2026-04-30T11:35:19","guid":{"rendered":"https:\/\/bambapolitica.com.mx\/?p=90995"},"modified":"2026-04-30T05:35:26","modified_gmt":"2026-04-30T11:35:26","slug":"gobierno-de-la-paz-entrega-barda-perimetral-del-panteon-de-altavista","status":"publish","type":"post","link":"https:\/\/bambapolitica.com.mx\/index.php\/2026\/04\/30\/gobierno-de-la-paz-entrega-barda-perimetral-del-panteon-de-altavista\/","title":{"rendered":"GOBIERNO DE LA PAZ ENTREGA BARDA PERIMETRAL DEL PANTE\u00d3N DE ALTAVISTA"},"content":{"rendered":"\n<p>Al inaugurar la obra de construcci\u00f3n de la barda perimetral del Pante\u00f3n de Lomas de Altavista, la Presidenta Municipal de La Paz, Martha Guerrero S\u00e1nchez, anunci\u00f3 que en este espacio solo se permitir\u00e1 la venta de flores en la temporada del D\u00eda de Muertos, pues el pante\u00f3n con esta nueva obra se ve bien sin puestos.<\/p>\n\n\n\n<p>En ese sentido, expres\u00f3: \u201cNo quiero regresar y observar comerciantes instalados, ni nada de porque mi padrino o mi madrina es\u2026, eso se termin\u00f3, el pante\u00f3n se ve bien sin puestos\u201d.<\/p>\n\n\n\n<p>Incluso, un Regidor detect\u00f3 un espacio para construir una capilla y que pueda asistir un padre a oficializar una misa; el espacio puede ser intervenido por la autoridad local para realizar esa obra, porque los otros panteones tambi\u00e9n carecen de una capilla, incluso los sacerdotes tienen que subirse a las tumbas para oficializar la misa, rese\u00f1\u00f3.<\/p>\n\n\n\n<p>La barda fue demandada por habitantes de la colonia referida, quienes se\u00f1alaron la falta de vigilancia, as\u00ed como la comisi\u00f3n de robos en este per\u00edmetro y al interior del pante\u00f3n.<\/p>\n\n\n\n<p>La alcaldesa Guerrero S\u00e1nchez abund\u00f3 que, durante una gira de trabajo por la zona, fue informada por la comunidad de dicha problem\u00e1tica, por lo cual fue planteada ante el H. Cabildo y fue aprobada la construcci\u00f3n de la barda para delimitar este espacio, con el fin de hacerlo m\u00e1s seguro y tener m\u00e1s cuidado en los art\u00edculos que coloca la gente arriba o dentro de la sepultura.<\/p>\n\n\n\n<p>La barda perimetral del pante\u00f3n se construy\u00f3 sobre las calles Roble y De las Flores, y se coloc\u00f3 malla cicl\u00f3nica en el per\u00edmetro hacia la barranca y calle R\u00edo Fr\u00edo, para delimitar el predio del pante\u00f3n, en la colonia Altavista. La parte lateral del pante\u00f3n, en la calle de Las Flores, tambi\u00e9n fue atendida por el programa Senderos de Paz y ahora cuenta con luminarias para brindar mayor seguridad a la comunidad.<\/p>\n\n\n\n<p>La directora de Obras P\u00fablicas e Infraestructura, Anallely Flores Becerra, inform\u00f3 que esta obra fue realizada con recursos propios en un per\u00edmetro de m\u00e1s de 400 metros lineales de muro y otro tanto igual de malla cicl\u00f3nica.<\/p>\n","protected":false},"excerpt":{"rendered":"<p>Al inaugurar la obra de construcci\u00f3n de la barda perimetral del Pante\u00f3n de Lomas de&#8230;<\/p>\n","protected":false},"author":8,"featured_media":90996,"comment_status":"closed","ping_status":"closed","sticky":false,"template":"","format":"standard","meta":{"footnotes":""},"categories":[4],"tags":[],"class_list":["post-90995","post","type-post","status-publish","format-standard","has-post-thumbnail","hentry","category-noticias-del-dia"],"_links":{"self":[{"href":"https:\/\/bambapolitica.com.mx\/index.php\/wp-json\/wp\/v2\/posts\/90995","targetHints":{"allow":["GET"]}}],"collection":[{"href":"https:\/\/bambapolitica.com.mx\/index.php\/wp-json\/wp\/v2\/posts"}],"about":[{"href":"https:\/\/bambapolitica.com.mx\/index.php\/wp-json\/wp\/v2\/types\/post"}],"author":[{"embeddable":true,"href":"https:\/\/bambapolitica.com.mx\/index.php\/wp-json\/wp\/v2\/users\/8"}],"replies":[{"embeddable":true,"href":"https:\/\/bambapolitica.com.mx\/index.php\/wp-json\/wp\/v2\/comments?post=90995"}],"version-history":[{"count":1,"href":"https:\/\/bambapolitica.com.mx\/index.php\/wp-json\/wp\/v2\/posts\/90995\/revisions"}],"predecessor-version":[{"id":90997,"href":"https:\/\/bambapolitica.com.mx\/index.php\/wp-json\/wp\/v2\/posts\/90995\/revisions\/90997"}],"wp:featuredmedia":[{"embeddable":true,"href":"https:\/\/bambapolitica.com.mx\/index.php\/wp-json\/wp\/v2\/media\/90996"}],"wp:attachment":[{"href":"https:\/\/bambapolitica.com.mx\/index.php\/wp-json\/wp\/v2\/media?parent=90995"}],"wp:term":[{"taxonomy":"category","embeddable":true,"href":"https:\/\/bambapolitica.com.mx\/index.php\/wp-json\/wp\/v2\/categories?post=90995"},{"taxonomy":"post_tag","embeddable":true,"href":"https:\/\/bambapolitica.com.mx\/index.php\/wp-json\/wp\/v2\/tags?post=90995"}],"curies":[{"name":"wp","href":"https:\/\/api.w.org\/{rel}","templated":true}]}}