{"id":90998,"date":"2026-04-30T05:40:12","date_gmt":"2026-04-30T11:40:12","guid":{"rendered":"https:\/\/bambapolitica.com.mx\/?p=90998"},"modified":"2026-04-30T05:40:15","modified_gmt":"2026-04-30T11:40:15","slug":"desaparece-del-pleno-el-senador-enrique-inzunza-tras-senalamientos-desde-eu","status":"publish","type":"post","link":"https:\/\/bambapolitica.com.mx\/index.php\/2026\/04\/30\/desaparece-del-pleno-el-senador-enrique-inzunza-tras-senalamientos-desde-eu\/","title":{"rendered":"DESAPARECE DEL PLENO EL SENADOR ENRIQUE INZUNZA TRAS SE\u00d1ALAMIENTOS DESDE EU\u2026!!!"},"content":{"rendered":"\n<p>El senador Enrique Inzunza C\u00e1zarez dej\u00f3 de presentarse en el pleno del Senado en medio de la pol\u00e9mica generada por versiones sobre presuntos se\u00f1alamientos desde Estados Unidos, lo que ha desatado cuestionamientos y presi\u00f3n pol\u00edtica en torno a su situaci\u00f3n; hasta ahora, no existe confirmaci\u00f3n oficial por parte de autoridades mexicanas sobre cargos formales en su contra, mientras el caso contin\u00faa generando debate en el \u00e1mbito nacional.<\/p>\n","protected":false},"excerpt":{"rendered":"<p>El senador Enrique Inzunza C\u00e1zarez dej\u00f3 de presentarse en el pleno del Senado en medio&#8230;<\/p>\n","protected":false},"author":8,"featured_media":90999,"comment_status":"closed","ping_status":"closed","sticky":false,"template":"","format":"standard","meta":{"footnotes":""},"categories":[4],"tags":[],"class_list":["post-90998","post","type-post","status-publish","format-standard","has-post-thumbnail","hentry","category-noticias-del-dia"],"_links":{"self":[{"href":"https:\/\/bambapolitica.com.mx\/index.php\/wp-json\/wp\/v2\/posts\/90998","targetHints":{"allow":["GET"]}}],"collection":[{"href":"https:\/\/bambapolitica.com.mx\/index.php\/wp-json\/wp\/v2\/posts"}],"about":[{"href":"https:\/\/bambapolitica.com.mx\/index.php\/wp-json\/wp\/v2\/types\/post"}],"author":[{"embeddable":true,"href":"https:\/\/bambapolitica.com.mx\/index.php\/wp-json\/wp\/v2\/users\/8"}],"replies":[{"embeddable":true,"href":"https:\/\/bambapolitica.com.mx\/index.php\/wp-json\/wp\/v2\/comments?post=90998"}],"version-history":[{"count":1,"href":"https:\/\/bambapolitica.com.mx\/index.php\/wp-json\/wp\/v2\/posts\/90998\/revisions"}],"predecessor-version":[{"id":91000,"href":"https:\/\/bambapolitica.com.mx\/index.php\/wp-json\/wp\/v2\/posts\/90998\/revisions\/91000"}],"wp:featuredmedia":[{"embeddable":true,"href":"https:\/\/bambapolitica.com.mx\/index.php\/wp-json\/wp\/v2\/media\/90999"}],"wp:attachment":[{"href":"https:\/\/bambapolitica.com.mx\/index.php\/wp-json\/wp\/v2\/media?parent=90998"}],"wp:term":[{"taxonomy":"category","embeddable":true,"href":"https:\/\/bambapolitica.com.mx\/index.php\/wp-json\/wp\/v2\/categories?post=90998"},{"taxonomy":"post_tag","embeddable":true,"href":"https:\/\/bambapolitica.com.mx\/index.php\/wp-json\/wp\/v2\/tags?post=90998"}],"curies":[{"name":"wp","href":"https:\/\/api.w.org\/{rel}","templated":true}]}}