{"id":91012,"date":"2026-04-30T06:11:03","date_gmt":"2026-04-30T12:11:03","guid":{"rendered":"https:\/\/bambapolitica.com.mx\/?p=91012"},"modified":"2026-04-30T06:11:08","modified_gmt":"2026-04-30T12:11:08","slug":"rocha-moya-minimiza-acusaciones-y-se-aferra-a-la-agenda-evita-responder-y-llama-a-la-calma","status":"publish","type":"post","link":"https:\/\/bambapolitica.com.mx\/index.php\/2026\/04\/30\/rocha-moya-minimiza-acusaciones-y-se-aferra-a-la-agenda-evita-responder-y-llama-a-la-calma\/","title":{"rendered":"Rocha Moya minimiza acusaciones y se aferra a la agenda; evita responder y llama a la calma"},"content":{"rendered":"\n<p>El mandatario estatal, dijo que Rocha Moya se\u00f1al\u00f3 que existe la posibilidad de sostener comunicaci\u00f3n con la presidenta Claudia Sheinbaum, aunque aclar\u00f3 que hasta el momento no han abordado el tema<\/p>\n\n\n\n<p>&nbsp;Con el rostro visiblemente tenso y evitando profundizar en los se\u00f1alamientos en su contra, el gobernador&nbsp;<strong>Rub\u00e9n Rocha Moya<\/strong>&nbsp;ofreci\u00f3 sus primeras declaraciones p\u00fablicas luego de darse a conocer acusaciones que lo involucran junto a otros funcionarios de su administraci\u00f3n.<\/p>\n\n\n\n<p>A su salida de un encuentro en\u00a0<strong>Palacio de Gobierno<\/strong>, el mandatario estatal se limit\u00f3 a responder de manera breve a los cuestionamientos de la prensa.<\/p>\n\n\n\n<p><em>\u201cNo voy a declarar m\u00e1s, disc\u00falpeme\u201d, expres\u00f3 en reiteradas ocasiones, marcando distancia frente a los se\u00f1alamientos y evitando precisar detalles sobre el origen de las acusaciones.<\/em><\/p>\n\n\n\n<p><strong>Rocha Moya<\/strong>, se\u00f1al\u00f3 que existe la posibilidad de sostener comunicaci\u00f3n con la presidenta&nbsp;<strong>Claudia Sheinbaum Pardo<\/strong>, aunque aclar\u00f3 que hasta el momento no han abordado el tema.<\/p>\n\n\n\n<p>Sin embargo, asegur\u00f3 contar con su respaldo.&nbsp;<em>\u201cS\u00ed, claro, por supuesto\u201d,<\/em>&nbsp;respondi\u00f3 al ser cuestionado sobre si tiene apoyo del&nbsp;<strong>Gobierno Federal<\/strong>.<\/p>\n\n\n\n<p>En cuanto a su permanencia en el cargo, el gobernador afirm\u00f3 que continuar\u00e1 al frente de sus funciones en&nbsp;<strong>Sinaloa<\/strong>.<\/p>\n\n\n\n<p><em>\u201cVoy a seguir trabajando aqu\u00ed, entrando y saliendo, desempe\u00f1ando mi trabajo\u201d, dijo, insistiendo en que su agenda no sufrir\u00e1 modificaciones pese al contexto.<\/em><\/p>\n\n\n\n<p>Respecto a otros funcionarios se\u00f1alados, como el alcalde de&nbsp;<strong>Culiac\u00e1n<\/strong>,&nbsp;<strong>Juan de Dios G\u00e1mez Mend\u00edvil<\/strong>, el mandatario estatal mencion\u00f3 haberlo visto recientemente en el recinto gubernamental, aunque no confirm\u00f3 si han sostenido di\u00e1logo sobre el tema.<\/p>\n\n\n\n<p>Sobre las versiones que apuntan a acciones del gobierno de&nbsp;<strong>Estados Unidos<\/strong>,&nbsp;<strong>Rocha Moya<\/strong>afirm\u00f3 haberse enterado a trav\u00e9s de comunicados oficiales y no por notificaci\u00f3n directa.<\/p>\n\n\n\n<p><em>\u201cYo me enter\u00e9 por el comunicado del gobierno norteamericano\u201d, indic\u00f3, al tiempo que subray\u00f3 que la\u00a0<strong>Secretar\u00eda de Relaciones Exteriores<\/strong>\u00a0ya fij\u00f3 una postura al respecto.<\/em><\/p>\n\n\n\n<p>En relaci\u00f3n con el presunto retiro de su visa, el gobernador neg\u00f3 haber recibido informaci\u00f3n oficial.<\/p>\n\n\n\n<p><em>\u201cNo he recibido ning\u00fan comunicado del gobierno de Estados Unidos\u201d, puntualiz\u00f3.<\/em><\/p>\n\n\n\n<p>Finalmente, hizo un llamado a la ciudadan\u00eda a mantener la calma ante la incertidumbre generada.<\/p>\n\n\n\n<p><em>\u201cQue est\u00e9n tranquilos, que sigamos trabajando por&nbsp;<strong>Sinaloa<\/strong>\u201d, expres\u00f3 antes de retirarse, reiterando que su administraci\u00f3n continuar\u00e1 con normalidad.<\/em><\/p>\n","protected":false},"excerpt":{"rendered":"<p>El mandatario estatal, dijo que Rocha Moya se\u00f1al\u00f3 que existe la posibilidad de sostener comunicaci\u00f3n&#8230;<\/p>\n","protected":false},"author":8,"featured_media":91013,"comment_status":"closed","ping_status":"closed","sticky":false,"template":"","format":"standard","meta":{"footnotes":""},"categories":[4],"tags":[],"class_list":["post-91012","post","type-post","status-publish","format-standard","has-post-thumbnail","hentry","category-noticias-del-dia"],"_links":{"self":[{"href":"https:\/\/bambapolitica.com.mx\/index.php\/wp-json\/wp\/v2\/posts\/91012","targetHints":{"allow":["GET"]}}],"collection":[{"href":"https:\/\/bambapolitica.com.mx\/index.php\/wp-json\/wp\/v2\/posts"}],"about":[{"href":"https:\/\/bambapolitica.com.mx\/index.php\/wp-json\/wp\/v2\/types\/post"}],"author":[{"embeddable":true,"href":"https:\/\/bambapolitica.com.mx\/index.php\/wp-json\/wp\/v2\/users\/8"}],"replies":[{"embeddable":true,"href":"https:\/\/bambapolitica.com.mx\/index.php\/wp-json\/wp\/v2\/comments?post=91012"}],"version-history":[{"count":1,"href":"https:\/\/bambapolitica.com.mx\/index.php\/wp-json\/wp\/v2\/posts\/91012\/revisions"}],"predecessor-version":[{"id":91014,"href":"https:\/\/bambapolitica.com.mx\/index.php\/wp-json\/wp\/v2\/posts\/91012\/revisions\/91014"}],"wp:featuredmedia":[{"embeddable":true,"href":"https:\/\/bambapolitica.com.mx\/index.php\/wp-json\/wp\/v2\/media\/91013"}],"wp:attachment":[{"href":"https:\/\/bambapolitica.com.mx\/index.php\/wp-json\/wp\/v2\/media?parent=91012"}],"wp:term":[{"taxonomy":"category","embeddable":true,"href":"https:\/\/bambapolitica.com.mx\/index.php\/wp-json\/wp\/v2\/categories?post=91012"},{"taxonomy":"post_tag","embeddable":true,"href":"https:\/\/bambapolitica.com.mx\/index.php\/wp-json\/wp\/v2\/tags?post=91012"}],"curies":[{"name":"wp","href":"https:\/\/api.w.org\/{rel}","templated":true}]}}