{"id":91015,"date":"2026-04-30T09:15:35","date_gmt":"2026-04-30T15:15:35","guid":{"rendered":"https:\/\/bambapolitica.com.mx\/?p=91015"},"modified":"2026-04-30T09:15:47","modified_gmt":"2026-04-30T15:15:47","slug":"atencion-productor-del-campo-gobierno-del-edomex-inicia-este-6-de-mayo-inscripciones-para-programas-de-apoyo","status":"publish","type":"post","link":"https:\/\/bambapolitica.com.mx\/index.php\/2026\/04\/30\/atencion-productor-del-campo-gobierno-del-edomex-inicia-este-6-de-mayo-inscripciones-para-programas-de-apoyo\/","title":{"rendered":"\u00a1Atenci\u00f3n productor del campo! Gobierno del EdoM\u00e9x inicia este 6 de mayo inscripciones para programas de apoyo"},"content":{"rendered":"\n<ul class=\"wp-block-list\">\n<li>Incluye facilidades para el sector lechero como la adquisici\u00f3n de ganado.<\/li>\n\n\n\n<li>Ejidos podr\u00e1n solicitar subsidios para drones y tractores.<\/li>\n<\/ul>\n\n\n\n<p>TEXCOCO, Estado de M\u00e9xico.\u2013 Los d\u00edas 6, 7 y 8 de mayo de 2026, las 11 Delegaciones Regionales de la Secretar\u00eda del Campo del Gobierno del Estado de M\u00e9xico, recibir\u00e1n las solicitudes de inscripci\u00f3n a los programas Transformando el Campo y Por el Rescate del Campo, con apoyos que van desde implementos y herramientas para peque\u00f1as unidades de producci\u00f3n, hasta subsidios para la adquisici\u00f3n de ganado, drones y tractores.<\/p>\n\n\n\n<p>De acuerdo con Mar\u00eda Eugenia Rojano Vald\u00e9s, Secretaria del Campo, del Estado de M\u00e9xico, este a\u00f1o se incluir\u00e1n apoyos enfocados en la recuperaci\u00f3n de la actividad lechera, as\u00ed como incentivos para la adquisici\u00f3n de drones y tractores que brinden servicio a peque\u00f1os productores, la cual se har\u00e1 para ayuntamientos, pero este a\u00f1o tambi\u00e9n para ejidos.<\/p>\n\n\n\n<p>\u201cEste a\u00f1o (2026) abrimos la convocatoria a los ejidos, porque hubo quienes nos dijeron: \u2018nosotros tambi\u00e9n queremos y tenemos la capacidad de aportar lo que nos corresponde; queremos drones y tractores\u2019. Por ello, ahora tambi\u00e9n podr\u00e1n participar y acceder a estos apoyos de forma individual o colectiva\u201d, se\u00f1al\u00f3.<\/p>\n\n\n\n<p>Durante su visita al pueblo de Santa Mar\u00eda Nativitas, en Texcoco, Rojano Vald\u00e9s record\u00f3 que la Gobernadora Delfina G\u00f3mez \u00c1lvarez ha instruido fortalecer la recuperaci\u00f3n de la cuenca lechera, por lo que este a\u00f1o el programa Transformando el Campo incluir\u00e1 apoyos para la adquisici\u00f3n de ganado lechero, entre otros incentivos para el sector.<\/p>\n\n\n\n<p>En ese sentido, la secretaria hizo un llamado a productoras y productores, comunidades agrarias, ejidos y ayuntamientos a mantenerse atentos a las redes sociales de la Secretar\u00eda del Campo, en Facebook y X como CampoEdomex, donde se publicar\u00e1n las convocatorias, as\u00ed como a revisar las reglas de operaci\u00f3n y anexos t\u00e9cnicos en el sitio oficial: secampo.edomex.gob.mx.<\/p>\n","protected":false},"excerpt":{"rendered":"<p>TEXCOCO, Estado de M\u00e9xico.\u2013 Los d\u00edas 6, 7 y 8 de mayo de 2026, las&#8230;<\/p>\n","protected":false},"author":3,"featured_media":91016,"comment_status":"closed","ping_status":"closed","sticky":false,"template":"","format":"standard","meta":{"footnotes":""},"categories":[4],"tags":[],"class_list":["post-91015","post","type-post","status-publish","format-standard","has-post-thumbnail","hentry","category-noticias-del-dia"],"_links":{"self":[{"href":"https:\/\/bambapolitica.com.mx\/index.php\/wp-json\/wp\/v2\/posts\/91015","targetHints":{"allow":["GET"]}}],"collection":[{"href":"https:\/\/bambapolitica.com.mx\/index.php\/wp-json\/wp\/v2\/posts"}],"about":[{"href":"https:\/\/bambapolitica.com.mx\/index.php\/wp-json\/wp\/v2\/types\/post"}],"author":[{"embeddable":true,"href":"https:\/\/bambapolitica.com.mx\/index.php\/wp-json\/wp\/v2\/users\/3"}],"replies":[{"embeddable":true,"href":"https:\/\/bambapolitica.com.mx\/index.php\/wp-json\/wp\/v2\/comments?post=91015"}],"version-history":[{"count":1,"href":"https:\/\/bambapolitica.com.mx\/index.php\/wp-json\/wp\/v2\/posts\/91015\/revisions"}],"predecessor-version":[{"id":91017,"href":"https:\/\/bambapolitica.com.mx\/index.php\/wp-json\/wp\/v2\/posts\/91015\/revisions\/91017"}],"wp:featuredmedia":[{"embeddable":true,"href":"https:\/\/bambapolitica.com.mx\/index.php\/wp-json\/wp\/v2\/media\/91016"}],"wp:attachment":[{"href":"https:\/\/bambapolitica.com.mx\/index.php\/wp-json\/wp\/v2\/media?parent=91015"}],"wp:term":[{"taxonomy":"category","embeddable":true,"href":"https:\/\/bambapolitica.com.mx\/index.php\/wp-json\/wp\/v2\/categories?post=91015"},{"taxonomy":"post_tag","embeddable":true,"href":"https:\/\/bambapolitica.com.mx\/index.php\/wp-json\/wp\/v2\/tags?post=91015"}],"curies":[{"name":"wp","href":"https:\/\/api.w.org\/{rel}","templated":true}]}}