{"id":91018,"date":"2026-04-30T09:18:25","date_gmt":"2026-04-30T15:18:25","guid":{"rendered":"https:\/\/bambapolitica.com.mx\/?p=91018"},"modified":"2026-04-30T09:19:02","modified_gmt":"2026-04-30T15:19:02","slug":"edomex-sede-de-la-semana-nacional-de-salud-publica-2026-accion-del-mundial-social-que-beneficiara-a-mas-de-2-6-millones-de-mexiquenses","status":"publish","type":"post","link":"https:\/\/bambapolitica.com.mx\/index.php\/2026\/04\/30\/edomex-sede-de-la-semana-nacional-de-salud-publica-2026-accion-del-mundial-social-que-beneficiara-a-mas-de-2-6-millones-de-mexiquenses\/","title":{"rendered":"EdoM\u00e9x, sede de la Semana Nacional de Salud P\u00fablica 2026; acci\u00f3n del Mundial Social que beneficiar\u00e1 a m\u00e1s de 2.6 millones de mexiquenses"},"content":{"rendered":"\n<ul class=\"wp-block-list\">\n<li>Del 23 al 30 de mayo se realizar\u00e1n acciones preventivas, deportivas y culturales como parte de esta estrategia nacional.<\/li>\n\n\n\n<li>Participar\u00e1n dependencias estatales, instituciones de salud, organizaciones civiles y acad\u00e9micas para acercar servicios a grupos prioritarios.<\/li>\n<\/ul>\n\n\n\n<p>El Estado de M\u00e9xico ser\u00e1 sede de la Semana Nacional de Salud P\u00fablica 2026, que se llevar\u00e1 a cabo del 23 al 30 de mayo; el prop\u00f3sito es beneficiar a m\u00e1s de 2.6 millones de mexiquenses mediante acciones de medicina preventiva dirigidas a toda la poblaci\u00f3n, con especial atenci\u00f3n a grupos vulnerables, como personas con discapacidad, adultos mayores, ni\u00f1as y ni\u00f1os de zonas rurales y personas en contexto de movilidad y de grupos originarios.<\/p>\n\n\n\n<p>Con este objetivo, Celina Casta\u00f1eda de la Lanza, Secretaria de Salud del Gobierno del Estado de M\u00e9xico, encabez\u00f3 la instalaci\u00f3n del Comit\u00e9 de Coordinaci\u00f3n para la Planeaci\u00f3n, Organizaci\u00f3n y Ejecuci\u00f3n de esta estrategia nacional que se realiza en el Marco del Mundial Social, para fortalecer la prevenci\u00f3n de enfermedades, el autocuidado y los estilos de vida saludables en todo el pa\u00eds.<\/p>\n\n\n\n<p>Explic\u00f3 que las actividades contemplan jornadas de promoci\u00f3n de la salud, activaci\u00f3n f\u00edsica, orientaci\u00f3n m\u00e9dica y acciones comunitarias enfocadas en poblaci\u00f3n ind\u00edgena, personas con discapacidad, adultos mayores, ni\u00f1as y ni\u00f1os de zonas rurales, as\u00ed como personas en contexto de movilidad.<\/p>\n\n\n\n<p>En la entidad mexiquense, el personal de las 19 Jurisdicciones Sanitarias acudir\u00e1 a comunidades para promover diversas acciones, adem\u00e1s de que se realizar\u00e1n actividades en unidades m\u00e9dicas, escuelas y deportivos como prevenci\u00f3n de infecciones respiratorias y diarreicas; de accidentes viales, en el hogar, y de violencia; as\u00ed como acciones de vacunaci\u00f3n, salud bucal, salud mental, contra las adicciones, donaci\u00f3n de sangre, entre otras.<\/p>\n\n\n\n<p>Bajo el lema \u201cLa salud nos une, es nuestro derecho\u201d, participar\u00e1n instituciones del Sistema Estatal de Salud y dependencias como las Secretar\u00edas de Cultura y Turismo; Campo; Seguridad, y del Agua, adem\u00e1s de organizaciones de la sociedad civil, organismos internacionales e instituciones acad\u00e9micas.<\/p>\n\n\n\n<p>Durante el acto, el Coordinador Estatal de IMSS-BIENESTAR, Nat\u00e1n Enr\u00edquez R\u00edos, subray\u00f3 que estas acciones fortalecen el trabajo conjunto entre los gobiernos estatal y federal para acercar servicios preventivos y fomentar el bienestar integral de la poblaci\u00f3n.<\/p>\n\n\n\n<p>Las autoridades participantes firmaron el acta de instalaci\u00f3n del Comit\u00e9 y reiteraron el compromiso de trabajar de manera coordinada para que esta jornada se traduzca en beneficios directos para las y los mexiquenses, mediante acciones cercanas, incluyentes y con enfoque preventivo.<\/p>\n","protected":false},"excerpt":{"rendered":"<p>El Estado de M\u00e9xico ser\u00e1 sede de la Semana Nacional de Salud P\u00fablica 2026, que&#8230;<\/p>\n","protected":false},"author":3,"featured_media":91019,"comment_status":"closed","ping_status":"closed","sticky":false,"template":"","format":"standard","meta":{"footnotes":""},"categories":[4],"tags":[],"class_list":["post-91018","post","type-post","status-publish","format-standard","has-post-thumbnail","hentry","category-noticias-del-dia"],"_links":{"self":[{"href":"https:\/\/bambapolitica.com.mx\/index.php\/wp-json\/wp\/v2\/posts\/91018","targetHints":{"allow":["GET"]}}],"collection":[{"href":"https:\/\/bambapolitica.com.mx\/index.php\/wp-json\/wp\/v2\/posts"}],"about":[{"href":"https:\/\/bambapolitica.com.mx\/index.php\/wp-json\/wp\/v2\/types\/post"}],"author":[{"embeddable":true,"href":"https:\/\/bambapolitica.com.mx\/index.php\/wp-json\/wp\/v2\/users\/3"}],"replies":[{"embeddable":true,"href":"https:\/\/bambapolitica.com.mx\/index.php\/wp-json\/wp\/v2\/comments?post=91018"}],"version-history":[{"count":1,"href":"https:\/\/bambapolitica.com.mx\/index.php\/wp-json\/wp\/v2\/posts\/91018\/revisions"}],"predecessor-version":[{"id":91020,"href":"https:\/\/bambapolitica.com.mx\/index.php\/wp-json\/wp\/v2\/posts\/91018\/revisions\/91020"}],"wp:featuredmedia":[{"embeddable":true,"href":"https:\/\/bambapolitica.com.mx\/index.php\/wp-json\/wp\/v2\/media\/91019"}],"wp:attachment":[{"href":"https:\/\/bambapolitica.com.mx\/index.php\/wp-json\/wp\/v2\/media?parent=91018"}],"wp:term":[{"taxonomy":"category","embeddable":true,"href":"https:\/\/bambapolitica.com.mx\/index.php\/wp-json\/wp\/v2\/categories?post=91018"},{"taxonomy":"post_tag","embeddable":true,"href":"https:\/\/bambapolitica.com.mx\/index.php\/wp-json\/wp\/v2\/tags?post=91018"}],"curies":[{"name":"wp","href":"https:\/\/api.w.org\/{rel}","templated":true}]}}