{"id":91024,"date":"2026-04-30T10:34:34","date_gmt":"2026-04-30T16:34:34","guid":{"rendered":"https:\/\/bambapolitica.com.mx\/?p=91024"},"modified":"2026-04-30T10:35:02","modified_gmt":"2026-04-30T16:35:02","slug":"fgr-realizara-su-propia-investigacion-sobre-rocha-moya-y-demas-acusados-por-eu-de-narcotrafico","status":"publish","type":"post","link":"https:\/\/bambapolitica.com.mx\/index.php\/2026\/04\/30\/fgr-realizara-su-propia-investigacion-sobre-rocha-moya-y-demas-acusados-por-eu-de-narcotrafico\/","title":{"rendered":"FGR realizar\u00e1 su propia investigaci\u00f3n sobre Rocha Moya y dem\u00e1s acusados por EU de narcotr\u00e1fico"},"content":{"rendered":"\n<p>Ulises Lara, fiscal de asuntos relevantes de la FGR, record\u00f3 que para actuar en contra de un senador y gobernador es necesario que se realice un juicio pol\u00edtico antes que presentar la solicitud de detenci\u00f3n<\/p>\n\n\n\n<p>La Fiscal\u00eda General de la Rep\u00fablica (<strong>FGR<\/strong>)&nbsp;<strong>iniciar\u00e1<\/strong>&nbsp;su propia&nbsp;<strong>investigaci\u00f3n<\/strong>&nbsp;en el caso del&nbsp;gobernador&nbsp;de Sinaloa,<strong>&nbsp;<a rel=\"noreferrer noopener\" href=\"https:\/\/oem.com.mx\/elsoldemexico\/mexico\/rocha-moya-los-escandalos-y-la-presunta-relacion-con-el-narco-que-han-marcado-su-gobierno-en-sinaloa-29732898\" target=\"_blank\">Rub\u00e9n Rocha Moya<\/a><\/strong>, y los dem\u00e1s&nbsp;imputados&nbsp;que fueron&nbsp;<strong>acusados<\/strong>&nbsp;por el gran jurado de&nbsp;<strong>Estados Unidos&nbsp;<\/strong>por&nbsp;<strong>narcotr\u00e1fico y tr\u00e1fico de armas&nbsp;<\/strong>para&nbsp;<strong>determinar<\/strong>&nbsp;si presentar\u00e1 la&nbsp;<strong>solicitud<\/strong>&nbsp;de detenci\u00f3n con<strong>&nbsp;fines de extradici\u00f3n.<\/strong><\/p>\n\n\n\n<p><strong>Ulises Lara L\u00f3pez<\/strong>, fiscal de asuntos relevantes de la FGR, asegur\u00f3 que la&nbsp;<strong>acusaci\u00f3n<\/strong>&nbsp;de las autoridades de EU no cuenta con&nbsp;<strong>elementos probatorias<\/strong>&nbsp;para que en&nbsp;<strong>M\u00e9xico<\/strong>&nbsp;se&nbsp;<strong>pida<\/strong>&nbsp;la&nbsp;<strong>detenci\u00f3n<\/strong>&nbsp;con&nbsp;<strong>fines de&nbsp;<a rel=\"noreferrer noopener\" href=\"https:\/\/oem.com.mx\/elsoldemexico\/mexico\/mexico-recibe-solicitudes-de-extradicion-de-eu-tras-acusacion-a-ruben-rocha-pasa-la-peticion-a-fgr-29732365\" target=\"_blank\">extradici\u00f3n<\/a><\/strong>&nbsp;en contra de los&nbsp;funcionarios&nbsp;de Sinaloa.<\/p>\n\n\n\n<p>\u201cEsta&nbsp;Fiscal\u00eda General de la Rep\u00fablica&nbsp;iniciar\u00e1 una&nbsp;<strong>investigaci\u00f3n<\/strong>&nbsp;para allegarse de toda la informaci\u00f3n necesaria para conocer si&nbsp;<strong>existen<\/strong>&nbsp;datos de&nbsp;<strong>prueba<\/strong>&nbsp;que establezcan la probabilidad de que la&nbsp;<strong><a rel=\"noreferrer noopener\" href=\"https:\/\/oem.com.mx\/elsoldemexico\/mexico\/los-chapitos-le-dieron-el-gobierno-de-sinaloa-a-rocha-moya-acusa-estados-unidos-29732568\" target=\"_blank\">acusaci\u00f3n<\/a><\/strong>&nbsp;hecha por&nbsp;<strong>autoridades estadounidenses<\/strong>&nbsp;cuente con el<strong>&nbsp;fundamento legal<\/strong>&nbsp;para solicitar<strong>&nbsp;\u00f3rdenes de aprehensi\u00f3n<\/strong>\u201d, dijo Ulises Lara L\u00f3pez, vocero de la FGR.<\/p>\n\n\n\n<p>Sin embargo, el&nbsp;<strong>Tratado de Extradici\u00f3n Internacional<\/strong>, celebrado entre Estados Unidos y M\u00e9xico,&nbsp;<strong>no establece que se necesiten pruebas<\/strong>&nbsp;para que la&nbsp;FGR&nbsp;presente la&nbsp;<strong>solicitud de detenci\u00f3n provisional&nbsp;<\/strong>con fines de extradici\u00f3n.<\/p>\n\n\n\n<p>El gobierno de&nbsp;<strong>Estados Unidos<\/strong>&nbsp;hizo la&nbsp;<strong>solicitud<\/strong>&nbsp;a la Secretar\u00eda de Relaciones Exteriores (<strong>SRE<\/strong>) para que la F<strong>GR presente la solicitud de detenci\u00f3n<\/strong>&nbsp;con<strong>&nbsp;fines de extradici\u00f3n ante un juez&nbsp;<\/strong>federal en contra del gobernador de Sinaloa,&nbsp;<strong>Rub\u00e9n Rocha<\/strong>; el senador,&nbsp;Enrique Inzunza y&nbsp;el presidente municipal de Culiac\u00e1n,&nbsp;<strong>Juan de Dios G\u00e1mez Mend\u00edvil<\/strong>&nbsp;y&nbsp;<strong>siete exfuncionarios<\/strong>&nbsp;m\u00e1s.<\/p>\n\n\n\n<p>El vocero de la FGR,&nbsp;<strong>Ulises Lara<\/strong>, se\u00f1al\u00f3 que en estos casos, la&nbsp;<strong>publicaci\u00f3n \u00edntegra de la acusaci\u00f3n<\/strong>, realizada por el Departamento de Justicia de EU,<strong>&nbsp;podr\u00eda afectar el proceso penal en contra de los imputados<\/strong>&nbsp;y record\u00f3 que para&nbsp;<strong>actuar<\/strong>&nbsp;en contra de un&nbsp;<strong>senador y gobernador<\/strong>, es&nbsp;<strong>necesario<\/strong>&nbsp;que se realice un&nbsp;<strong>juicio pol\u00edtico antes<\/strong>&nbsp;que presentar la&nbsp;<strong>solicitud de detenci\u00f3n<\/strong>&nbsp;a un juez.<\/p>\n\n\n\n<h3 class=\"wp-block-heading\">\u00bfQu\u00e9 dice la acusaci\u00f3n de Estados Unidos?<\/h3>\n\n\n\n<p>En la acusaci\u00f3n del gran jurado, se narra que&nbsp;<strong>Los<\/strong>&nbsp;<strong>Chapitos<\/strong>&nbsp;supuestamente secuestraron e intimidaron a candidatos a la gobernatura de&nbsp;<strong>Sinaloa<\/strong>&nbsp;y robaron urnas en favor de&nbsp;<strong>Rub\u00e9n Rocha Moya<\/strong>, quien gan\u00f3 la elecci\u00f3n en 2021. A cambio de esto, el actual gobernador del estado protege a los hijos de Joaqu\u00edn Archivaldo Guzm\u00e1n Loera, \u201cEl Chapo\u201d, y les permite operar con impunidad en la entidad.<\/p>\n\n\n\n<p>De acuerdo con el documento, los l\u00edderes del c\u00e1rtel ordenaron a sicarios el robo de urnas con votos de los oponentes electorales de&nbsp;<strong>Rocha Moya<\/strong>, quien era candidato del Partido Sinaloense en alianza con Morena.<\/p>\n\n\n\n<p>El d\u00eda de la elecci\u00f3n, la&nbsp;<strong>Polic\u00eda de Sinaloa<\/strong>&nbsp;recibi\u00f3 reportes sobre amenazas en las casetas para obligar a quienes transitaban por ah\u00ed a votar por&nbsp;<strong>Rocha Moya<\/strong>. Incluso, los agentes de la Polic\u00eda vieron a personas armadas alrededor de las casillas electorales, que amedrentaban a los votantes, pero no pudieron intervenir debido a la orden de los mandos.<\/p>\n\n\n\n<p>Tambi\u00e9n se se\u00f1ala que, antes y despu\u00e9s de ser gobernador,&nbsp;<strong>Rub\u00e9n Rocha<\/strong>&nbsp;se reuni\u00f3 varias veces con los l\u00edderes de los&nbsp;<strong>Chapitos<\/strong>, en donde les prometi\u00f3 protecci\u00f3n para que el c\u00e1rtel pudiera operar en la entidad con impunidad.<\/p>\n\n\n\n<p><\/p>\n","protected":false},"excerpt":{"rendered":"<p>Ulises Lara, fiscal de asuntos relevantes de la FGR, record\u00f3 que para actuar en contra&#8230;<\/p>\n","protected":false},"author":3,"featured_media":91025,"comment_status":"closed","ping_status":"closed","sticky":false,"template":"","format":"standard","meta":{"footnotes":""},"categories":[4],"tags":[],"class_list":["post-91024","post","type-post","status-publish","format-standard","has-post-thumbnail","hentry","category-noticias-del-dia"],"_links":{"self":[{"href":"https:\/\/bambapolitica.com.mx\/index.php\/wp-json\/wp\/v2\/posts\/91024","targetHints":{"allow":["GET"]}}],"collection":[{"href":"https:\/\/bambapolitica.com.mx\/index.php\/wp-json\/wp\/v2\/posts"}],"about":[{"href":"https:\/\/bambapolitica.com.mx\/index.php\/wp-json\/wp\/v2\/types\/post"}],"author":[{"embeddable":true,"href":"https:\/\/bambapolitica.com.mx\/index.php\/wp-json\/wp\/v2\/users\/3"}],"replies":[{"embeddable":true,"href":"https:\/\/bambapolitica.com.mx\/index.php\/wp-json\/wp\/v2\/comments?post=91024"}],"version-history":[{"count":1,"href":"https:\/\/bambapolitica.com.mx\/index.php\/wp-json\/wp\/v2\/posts\/91024\/revisions"}],"predecessor-version":[{"id":91026,"href":"https:\/\/bambapolitica.com.mx\/index.php\/wp-json\/wp\/v2\/posts\/91024\/revisions\/91026"}],"wp:featuredmedia":[{"embeddable":true,"href":"https:\/\/bambapolitica.com.mx\/index.php\/wp-json\/wp\/v2\/media\/91025"}],"wp:attachment":[{"href":"https:\/\/bambapolitica.com.mx\/index.php\/wp-json\/wp\/v2\/media?parent=91024"}],"wp:term":[{"taxonomy":"category","embeddable":true,"href":"https:\/\/bambapolitica.com.mx\/index.php\/wp-json\/wp\/v2\/categories?post=91024"},{"taxonomy":"post_tag","embeddable":true,"href":"https:\/\/bambapolitica.com.mx\/index.php\/wp-json\/wp\/v2\/tags?post=91024"}],"curies":[{"name":"wp","href":"https:\/\/api.w.org\/{rel}","templated":true}]}}