{"id":91027,"date":"2026-04-30T10:39:22","date_gmt":"2026-04-30T16:39:22","guid":{"rendered":"https:\/\/bambapolitica.com.mx\/?p=91027"},"modified":"2026-04-30T10:39:52","modified_gmt":"2026-04-30T16:39:52","slug":"sep-analiza-adelantar-el-fin-de-ciclo-escolar-por-mundial-y-calor","status":"publish","type":"post","link":"https:\/\/bambapolitica.com.mx\/index.php\/2026\/04\/30\/sep-analiza-adelantar-el-fin-de-ciclo-escolar-por-mundial-y-calor\/","title":{"rendered":"SEP analiza adelantar el fin de ciclo escolar por Mundial y calor"},"content":{"rendered":"\n<p>Mario Delgado se reunir\u00e1 el 7 de mayo con los secretarios de educaci\u00f3n p\u00fablica del pa\u00eds para valorar modificaciones al calendario escolar<\/p>\n\n\n\n<p>El secretario de Educaci\u00f3n P\u00fablica,&nbsp;<strong>Mario Delgado<\/strong>, anunci\u00f3 que valoran&nbsp;<strong>adelantar el cierre del ciclo escolar<\/strong>&nbsp;o realizar modificaciones, debido al desarrollo del&nbsp;<a rel=\"noreferrer noopener\" href=\"https:\/\/oem.com.mx\/elsoldemexico\/tags\/temas\/mundial-de-futbol\" target=\"_blank\"><strong>Mundial de Futbol 2026<\/strong><\/a>e incluso por el&nbsp;<strong>clima de calor<\/strong>.<\/p>\n\n\n\n<p>En conferencia de prensa matutina que encabez\u00f3 la presidenta de M\u00e9xico, el secretario federal dijo que el pr\u00f3ximo 7 de mayo se reunir\u00e1n los&nbsp;<strong>secretarios de educaci\u00f3n del pa\u00eds<\/strong>, con el fin de valorar si adelantan el ciclo escolar o realizan alguna modificaci\u00f3n a su desarrollo.<\/p>\n\n\n\n<p>\u201cEl pr\u00f3ximo siete de mayo, la pr\u00f3xima semana, vamos a tener una reuni\u00f3n de todos los secretarios de educaci\u00f3n, porque algunos de ellos han pedido&nbsp;<strong>modificaciones al calendario&nbsp;<\/strong>por el tema del&nbsp;<strong>clima<\/strong>, del calor. Tambi\u00e9n estamos hablando por el Mundial y por varias circunstancias\u201d, dijo Delgado.<\/p>\n\n\n\n<p>Adem\u00e1s, refiri\u00f3 que ma\u00f1ana se reunir\u00e1 con la secretaria de Gobernaci\u00f3n para recibir el pliego petitorio de los maestros para la mejora de sus condiciones laborales y, a la par, mencion\u00f3 que los docentes tambi\u00e9n han solicitado modificaciones al ciclo escolar.<\/p>\n\n\n\n<p>\u201c<strong>Jalisco<\/strong>&nbsp;se quiere ir a clases en l\u00ednea;&nbsp;<strong>Nuevo Le\u00f3n&nbsp;<\/strong>quiere hacer algo parecido, adelantar. Tienen ellos la posibilidad de modificar el calendario, pero vamos a tener una&nbsp;<strong>reuni\u00f3n para evaluarlo en conjunto<\/strong>. Tambi\u00e9n estamos en di\u00e1logo con los maestros y las maestras; ellos tambi\u00e9n nos han pedido la&nbsp;<strong>modificaci\u00f3n del calendario escolar<\/strong>. Entonces, tendr\u00edamos una respuesta la siguiente semana, a partir de la evaluaci\u00f3n de todos los secretarios de educaci\u00f3n del pa\u00eds\u201d, enfatiz\u00f3.<\/p>\n\n\n\n<p>Respecto a&nbsp;<strong>modificaciones al ciclo escolar&nbsp;<\/strong>por el desarrollo del&nbsp;<strong>Mundial de Futbol<\/strong>, la jefa de Gobierno, Clara Brugada, ha solicitado a la&nbsp;<strong>SEP<\/strong>&nbsp;<strong>suspender clases presenciales&nbsp;<\/strong>y&nbsp;<strong>promover el home office&nbsp;<\/strong>durante los d\u00edas de partidos mundialistas para mejorar la movilidad en la urbe.<\/p>\n\n\n\n<p>De acuerdo con el&nbsp;<strong>Calendario Escolar 2025-2026<\/strong>&nbsp;de la Secretar\u00eda de Educaci\u00f3n P\u00fablica, el \u00faltimo d\u00eda de clases es el&nbsp;<strong>mi\u00e9rcoles 15 de julio de 2026<\/strong>.<\/p>\n\n\n\n<p>El inicio del Mundial de futbol se llevar\u00e1 a cabo el&nbsp;<strong>11 de junio<\/strong>, aunque los partidos y la jornada se alargar\u00e1n hasta una fecha probable de&nbsp;<strong>19 de julio<\/strong>.<\/p>\n","protected":false},"excerpt":{"rendered":"<p>Mario Delgado se reunir\u00e1 el 7 de mayo con los secretarios de educaci\u00f3n p\u00fablica del&#8230;<\/p>\n","protected":false},"author":3,"featured_media":91028,"comment_status":"closed","ping_status":"closed","sticky":false,"template":"","format":"standard","meta":{"footnotes":""},"categories":[4],"tags":[],"class_list":["post-91027","post","type-post","status-publish","format-standard","has-post-thumbnail","hentry","category-noticias-del-dia"],"_links":{"self":[{"href":"https:\/\/bambapolitica.com.mx\/index.php\/wp-json\/wp\/v2\/posts\/91027","targetHints":{"allow":["GET"]}}],"collection":[{"href":"https:\/\/bambapolitica.com.mx\/index.php\/wp-json\/wp\/v2\/posts"}],"about":[{"href":"https:\/\/bambapolitica.com.mx\/index.php\/wp-json\/wp\/v2\/types\/post"}],"author":[{"embeddable":true,"href":"https:\/\/bambapolitica.com.mx\/index.php\/wp-json\/wp\/v2\/users\/3"}],"replies":[{"embeddable":true,"href":"https:\/\/bambapolitica.com.mx\/index.php\/wp-json\/wp\/v2\/comments?post=91027"}],"version-history":[{"count":1,"href":"https:\/\/bambapolitica.com.mx\/index.php\/wp-json\/wp\/v2\/posts\/91027\/revisions"}],"predecessor-version":[{"id":91029,"href":"https:\/\/bambapolitica.com.mx\/index.php\/wp-json\/wp\/v2\/posts\/91027\/revisions\/91029"}],"wp:featuredmedia":[{"embeddable":true,"href":"https:\/\/bambapolitica.com.mx\/index.php\/wp-json\/wp\/v2\/media\/91028"}],"wp:attachment":[{"href":"https:\/\/bambapolitica.com.mx\/index.php\/wp-json\/wp\/v2\/media?parent=91027"}],"wp:term":[{"taxonomy":"category","embeddable":true,"href":"https:\/\/bambapolitica.com.mx\/index.php\/wp-json\/wp\/v2\/categories?post=91027"},{"taxonomy":"post_tag","embeddable":true,"href":"https:\/\/bambapolitica.com.mx\/index.php\/wp-json\/wp\/v2\/tags?post=91027"}],"curies":[{"name":"wp","href":"https:\/\/api.w.org\/{rel}","templated":true}]}}