{"id":91030,"date":"2026-04-30T10:44:46","date_gmt":"2026-04-30T16:44:46","guid":{"rendered":"https:\/\/bambapolitica.com.mx\/?p=91030"},"modified":"2026-04-30T10:45:20","modified_gmt":"2026-04-30T16:45:20","slug":"no-vamos-a-permitir-la-intromision-de-eu-en-asuntos-de-mexico-sheinbaum","status":"publish","type":"post","link":"https:\/\/bambapolitica.com.mx\/index.php\/2026\/04\/30\/no-vamos-a-permitir-la-intromision-de-eu-en-asuntos-de-mexico-sheinbaum\/","title":{"rendered":"No vamos a permitir la intromisi\u00f3n de EU en asuntos de M\u00e9xico: Sheinbaum"},"content":{"rendered":"\n<p>La presidenta Claudia Sheinbaum dej\u00f3 entrever que la acusaci\u00f3n del Departamento de Justicia contra Rub\u00e9n Rocha podr\u00eda tener \u2018motivos pol\u00edticos\u2019.<\/p>\n\n\n\n<p>El Gobierno de M\u00e9xico no permitir\u00e1 la \u201cintromisi\u00f3n\u201d de Estados Unidos en asuntos internos, dijo la presidenta Claudia Sheinbaum por la&nbsp;<a href=\"https:\/\/www.elfinanciero.com.mx\/nacional\/2026\/04\/30\/sheinbaum-mananera-en-vivo-hablara-de-rocha-moya-temas-minuto-a-minuto\/\" target=\"_blank\" rel=\"noreferrer noopener\">acusaci\u00f3n contra el gobernador Rub\u00e9n Rocha Moya<\/a>&nbsp;por narcotr\u00e1fico.<\/p>\n\n\n\n<p>\u201cDebe quedar claro: Bajo ning\u00fan motivo vamos a permitir la intromisi\u00f3n de un gobierno extranjero en&nbsp;<strong>las decisiones que le competen solo al gobierno de M\u00e9xico<\/strong>\u201d, dijo en la \u2018ma\u00f1anera\u2019 de este jueves 30 de abril.<\/p>\n\n\n\n<p>Claudia Sheinbaum agreg\u00f3 que la Fiscal\u00eda General de la Rep\u00fablica (FGR) deber\u00e1 proceder con la solicitud de&nbsp;<a href=\"https:\/\/www.elfinanciero.com.mx\/estados\/2026\/04\/29\/rocha-moya-eu-acusa-de-narco-en-vivo-reacciones\/\" target=\"_blank\" rel=\"noreferrer noopener\">extraditar al gobernador Rub\u00e9n Rocha<\/a>&nbsp;solo si hay&nbsp;<strong>\u201cpruebas contundentes e irrefutables\u201d<\/strong>.<\/p>\n\n\n\n<p>\u201cSin embargo,&nbsp;<strong>si no existen pruebas claras<\/strong>, es evidente que el objetivo de estas imputaciones por parte del Departamento de Justicia<strong>&nbsp;es pol\u00edtico<\/strong>\u201d, acus\u00f3.<\/p>\n\n\n\n<p>Sheinbaum remarc\u00f3 que cuando tom\u00f3 posesi\u00f3n de la Presidencia \u201cjur\u00e9 hacer cumplir con la Constituci\u00f3n\u201d y subray\u00f3 que su administraci\u00f3n \u201cno cubrir\u00e1 a nadie que haya cometido un delito\u201d.<\/p>\n\n\n\n<p>\u201cM\u00e9xico tiene una relaci\u00f3n de iguales con todas las naciones, nunca de subordinaci\u00f3n y&nbsp;<strong>menos de entreguismo<\/strong>. Verdad, justicia y defensa de la soberan\u00eda&#8221;, apunt\u00f3.<\/p>\n\n\n\n<h2 class=\"wp-block-heading\">Esto sabemos de la acusaci\u00f3n de EU contra Rub\u00e9n Rocha<\/h2>\n\n\n\n<p>El gobernador de Sinaloa es se\u00f1alado junto con un grupo que tambi\u00e9n incluye al senador&nbsp;<a href=\"https:\/\/www.elfinanciero.com.mx\/nacional\/2026\/04\/29\/quien-es-enrique-inzunza-cazarez-senador-de-morena-acusado-de-narcotrafico-por-eu\/\" target=\"_blank\" rel=\"noreferrer noopener\">Enrique Inzunza C\u00e1zarez<\/a>&nbsp;y&nbsp;<a href=\"https:\/\/www.elfinanciero.com.mx\/nacional\/2026\/04\/29\/acusaciones-contra-juan-de-dios-gamez-como-llego-a-la-presidencia-municipal-de-culiacan\/\" target=\"_blank\" rel=\"noreferrer noopener\">Juan de Dios G\u00e1mez, alcalde de Culiac\u00e1n<\/a>, de participar en un esquema de protecci\u00f3n al C\u00e1rtel de Sinaloa, espec\u00edficamente a la facci\u00f3n de Los Chapitos.<\/p>\n\n\n\n<p><a href=\"https:\/\/www.elfinanciero.com.mx\/nacional\/2026\/04\/29\/segun-acusacion-de-eu-que-politicos-habrian-ayudado-al-cartel-de-sinaloa\/\" target=\"_blank\" rel=\"noreferrer noopener\">Los funcionarios protegieron a l\u00edderes del C\u00e1rtel de Sinaloa<\/a>&nbsp;de ser investigados, arrestados y enjuiciados; adem\u00e1s, presuntamente habr\u00edan entregado&nbsp;<strong>informaci\u00f3n confidencial de seguridad y del Ej\u00e9rcito<\/strong>&nbsp;para facilitar las actividades delictivas del grupo, detall\u00f3 el Departamento de Justicia en un comunicado.<\/p>\n\n\n\n<p>La acusaci\u00f3n del Gobierno de Donald Trump incluye a las siguientes personas:<\/p>\n\n\n\n<ul class=\"wp-block-list\">\n<li>Enrique D\u00edaz Vega &#8211; Exsecretario de Finanzas y Finanzas de Sinaloa,<\/li>\n\n\n\n<li>D\u00e1maso Castro Zaavedra &#8211; Vicefiscal de Sinaloa,<\/li>\n\n\n\n<li>Gerardo M\u00e9rida S\u00e1nchez &#8211; Exsecretario de Seguridad de Sinaloa,<\/li>\n\n\n\n<li>Marco Antonio Almanza Avil\u00e9s &#8211; Exjefe de la Polic\u00eda de Investigaci\u00f3n de Sinaloa,<\/li>\n\n\n\n<li>Alberto Jorge Contreras N\u00fa\u00f1ez, alias \u2018Cholo\u2019,<\/li>\n\n\n\n<li>Jos\u00e9 Antonio Dionisio Hip\u00f3lito, alias \u2018Tornado\u2019, y<\/li>\n\n\n\n<li><a href=\"https:\/\/www.elfinanciero.com.mx\/nacional\/2026\/04\/29\/juanito-valenzuela-el-excomandante-ligado-a-los-chapitos-acusado-de-secuestrar-a-informante-de-la-dea\/\" target=\"_blank\" rel=\"noreferrer noopener\">Juan Valenzuela Mill\u00e1n, alias \u2018Juanito\u2019<\/a>.<\/li>\n<\/ul>\n\n\n\n<p>La presidenta Sheinbaum destac\u00f3 que \u201cnunca en la historia\u201d se hab\u00eda dado el caso de que una administraci\u00f3n de Estados Unidos iniciara un proceso contra un gobernador mexicano en funciones.<\/p>\n\n\n\n<p>\u201cPong\u00e1moslo al rev\u00e9s, que la Fiscal\u00eda General de la Rep\u00fablica estuviera investigando a gobernadores, senadores de otros pa\u00edses. \u00bfQu\u00e9 pensar\u00edan los otros pa\u00edses? \u00bfQu\u00e9 pensar\u00eda el pueblo de un pa\u00eds si la Fiscal\u00eda General de la Rep\u00fablica presentara una orden de extradici\u00f3n? Eso no quiere decir que no se investigue&#8221;, puntualiz\u00f3.<\/p>\n\n\n\n<p>La mandataria critic\u00f3 que, seg\u00fan la informaci\u00f3n enviada por Estados Unidos las pruebas se basan en&nbsp;<strong>el \u201cdicho de una persona\u201d<\/strong>&nbsp;y que el Departamento de Justicia haya incluido una hoja de papel como supuesta prueba de la culpabilidad de Rub\u00e9n Rocha en un esquema de sobornos para proteger a criminales.<\/p>\n\n\n\n<h2 class=\"wp-block-heading\">\u00bfCu\u00e1l es el proceso para determinar si procede orden de extradici\u00f3n de Rocha Moya?<\/h2>\n\n\n\n<p>Sheinbaum confirm\u00f3 que la Secretar\u00eda de Relaciones Exteriores (SRE) recibi\u00f3 la solicitud con fines de extradici\u00f3n contra Rub\u00e9n Rocha y otras 9 personas el pasado martes 28 de abril.<\/p>\n\n\n\n<p>Tras esto, la Canciller\u00eda envi\u00f3 los documentos a la&nbsp;<a href=\"https:\/\/www.elfinanciero.com.mx\/nacional\/2026\/01\/06\/ernestina-godoy-anuncia-nombramientos-dentro-de-la-fgr-y-nuevos-titulares-de-cargos-como-fiscales-ulises-lara-oliver-pilares\/\" target=\"_blank\" rel=\"noreferrer noopener\">Fiscal\u00eda de Ernestina Godoy<\/a>&nbsp;para iniciar la investigaci\u00f3n correspondiente. Una vez que concluyan las pesquisas, la FGR enviar\u00e1 a la SRE su opini\u00f3n sobre si la solicitud de extradici\u00f3n procede o no.<\/p>\n\n\n\n<p><\/p>\n","protected":false},"excerpt":{"rendered":"<p>La presidenta Claudia Sheinbaum dej\u00f3 entrever que la acusaci\u00f3n del Departamento de Justicia contra Rub\u00e9n&#8230;<\/p>\n","protected":false},"author":3,"featured_media":91031,"comment_status":"closed","ping_status":"closed","sticky":false,"template":"","format":"standard","meta":{"footnotes":""},"categories":[4],"tags":[],"class_list":["post-91030","post","type-post","status-publish","format-standard","has-post-thumbnail","hentry","category-noticias-del-dia"],"_links":{"self":[{"href":"https:\/\/bambapolitica.com.mx\/index.php\/wp-json\/wp\/v2\/posts\/91030","targetHints":{"allow":["GET"]}}],"collection":[{"href":"https:\/\/bambapolitica.com.mx\/index.php\/wp-json\/wp\/v2\/posts"}],"about":[{"href":"https:\/\/bambapolitica.com.mx\/index.php\/wp-json\/wp\/v2\/types\/post"}],"author":[{"embeddable":true,"href":"https:\/\/bambapolitica.com.mx\/index.php\/wp-json\/wp\/v2\/users\/3"}],"replies":[{"embeddable":true,"href":"https:\/\/bambapolitica.com.mx\/index.php\/wp-json\/wp\/v2\/comments?post=91030"}],"version-history":[{"count":1,"href":"https:\/\/bambapolitica.com.mx\/index.php\/wp-json\/wp\/v2\/posts\/91030\/revisions"}],"predecessor-version":[{"id":91032,"href":"https:\/\/bambapolitica.com.mx\/index.php\/wp-json\/wp\/v2\/posts\/91030\/revisions\/91032"}],"wp:featuredmedia":[{"embeddable":true,"href":"https:\/\/bambapolitica.com.mx\/index.php\/wp-json\/wp\/v2\/media\/91031"}],"wp:attachment":[{"href":"https:\/\/bambapolitica.com.mx\/index.php\/wp-json\/wp\/v2\/media?parent=91030"}],"wp:term":[{"taxonomy":"category","embeddable":true,"href":"https:\/\/bambapolitica.com.mx\/index.php\/wp-json\/wp\/v2\/categories?post=91030"},{"taxonomy":"post_tag","embeddable":true,"href":"https:\/\/bambapolitica.com.mx\/index.php\/wp-json\/wp\/v2\/tags?post=91030"}],"curies":[{"name":"wp","href":"https:\/\/api.w.org\/{rel}","templated":true}]}}