{"id":91033,"date":"2026-04-30T10:52:17","date_gmt":"2026-04-30T16:52:17","guid":{"rendered":"https:\/\/bambapolitica.com.mx\/?p=91033"},"modified":"2026-04-30T10:52:21","modified_gmt":"2026-04-30T16:52:21","slug":"gobernadora-da-cachetada-con-guante-blanco-a-atanasio-garcia-e-ignora-sus-comentarios","status":"publish","type":"post","link":"https:\/\/bambapolitica.com.mx\/index.php\/2026\/04\/30\/gobernadora-da-cachetada-con-guante-blanco-a-atanasio-garcia-e-ignora-sus-comentarios\/","title":{"rendered":"Gobernadora da cachetada con guante blanco a Atanasio Garc\u00eda e ignora sus comentarios"},"content":{"rendered":"\n<p>Como una cachetada con guante blanco, tras ignorar sus comentarios, la gobernadora Roc\u00edo Nahle Garc\u00eda rechaz\u00f3 que exista divisi\u00f3n al interior de Morena tras la pol\u00e9mica desatada por las declaraciones del exdiputado Atanasio Garc\u00eda Dur\u00e1n, quien critic\u00f3 su administraci\u00f3n y cuestion\u00f3 que una persona \u201cde otro estado\u201d gobierne Veracruz. Desde Papantla, donde encabez\u00f3 la mesa de seguridad, la mandataria estatal minimiz\u00f3 los se\u00f1alamientos y asegur\u00f3 que se trata solo de una opini\u00f3n, sin impacto en la unidad del movimiento. <\/p>\n\n\n\n<p>\u201cYo al maestro lo respeto mucho; lo conozco desde hace tiempo, incluso desde antes que a Cuitl\u00e1huac Garc\u00eda Jim\u00e9nez. Es su opini\u00f3n y no hay problema\u2026 no hay divisi\u00f3n\u201d, asegur\u00f3. Las declaraciones de Nahle se dan luego de que el padre del exgobernador Cuitl\u00e1huac Garc\u00eda Jim\u00e9nez calific\u00f3 como \u201cun error\u201d haber confiado en una persona no nacida en Veracruz para encabezar el gobierno estatal, lo que provoc\u00f3 una ola de reacciones dentro y fuera del Movimiento de Regeneraci\u00f3n Nacional.<\/p>\n\n\n\n<p> Tras las declaraciones del padre del exgobernador Cuitl\u00e1huac Garc\u00eda Jim\u00e9nez, integrantes del gabinete estatal y del Congreso de Veracruz respaldaron a la gobernadora y rechazaron los dichos del tambi\u00e9n acad\u00e9mico, calific\u00e1ndolos como infundados. El secretario de Gobierno, Ricardo Ahued Bardahuil, reprob\u00f3 \u201ccontundentemente\u201d las declaraciones y asegur\u00f3 que la administraci\u00f3n estatal enfrenta retos hist\u00f3ricos con resultados visibles. <\/p>\n\n\n\n<p>\u201cHoy nuestra gobernadora est\u00e1 reconstruyendo carreteras, atendiendo el rezago en salud y reduciendo la deuda heredada\u201d, afirm\u00f3, al tiempo que la describi\u00f3 como una mandataria \u201cincansable\u201d que recorre todo el estado. En la misma l\u00ednea, el presidente de la Junta de Coordinaci\u00f3n Pol\u00edtica (Jucopo) del Congreso del Estado, Esteban Bautista Hern\u00e1ndez, asegur\u00f3 que el gobierno de Nahle entreg\u00f3 resultados en poco m\u00e1s de un a\u00f1o, con avances en finanzas, obra p\u00fablica y servicios. <\/p>\n\n\n\n<p>\u201cLa gobernadora ha respondido a la confianza de las y los veracruzanos con trabajo diario y acciones contundentes\u201d, sostuvo. Por su parte, el subsecretario de Gobierno, Jos\u00e9 Manuel Pozos Castro, fue m\u00e1s directo al se\u00f1alar que las cr\u00edticas de Garc\u00eda Dur\u00e1n carecen de sustento y buscan generar confusi\u00f3n. \u201cSon un agravio sin fundamento que pretende dividir, cuando hay avances claros en infraestructura, atenci\u00f3n social y manejo responsable del presupuesto\u201d, dijo. A su vez, el secretario del Trabajo, Luis Arturo Santiago Mart\u00ednez, consider\u00f3 que los se\u00f1alamientos responden a \u201cdesmemoria\u201d, al subrayar que la transformaci\u00f3n del estado gener\u00f3 reacciones de actores de oposici\u00f3n.<\/p>\n\n\n\n<p><\/p>\n","protected":false},"excerpt":{"rendered":"<p>Como una cachetada con guante blanco, tras ignorar sus comentarios, la gobernadora Roc\u00edo Nahle Garc\u00eda&#8230;<\/p>\n","protected":false},"author":3,"featured_media":91034,"comment_status":"closed","ping_status":"closed","sticky":false,"template":"","format":"standard","meta":{"footnotes":""},"categories":[4],"tags":[],"class_list":["post-91033","post","type-post","status-publish","format-standard","has-post-thumbnail","hentry","category-noticias-del-dia"],"_links":{"self":[{"href":"https:\/\/bambapolitica.com.mx\/index.php\/wp-json\/wp\/v2\/posts\/91033","targetHints":{"allow":["GET"]}}],"collection":[{"href":"https:\/\/bambapolitica.com.mx\/index.php\/wp-json\/wp\/v2\/posts"}],"about":[{"href":"https:\/\/bambapolitica.com.mx\/index.php\/wp-json\/wp\/v2\/types\/post"}],"author":[{"embeddable":true,"href":"https:\/\/bambapolitica.com.mx\/index.php\/wp-json\/wp\/v2\/users\/3"}],"replies":[{"embeddable":true,"href":"https:\/\/bambapolitica.com.mx\/index.php\/wp-json\/wp\/v2\/comments?post=91033"}],"version-history":[{"count":1,"href":"https:\/\/bambapolitica.com.mx\/index.php\/wp-json\/wp\/v2\/posts\/91033\/revisions"}],"predecessor-version":[{"id":91035,"href":"https:\/\/bambapolitica.com.mx\/index.php\/wp-json\/wp\/v2\/posts\/91033\/revisions\/91035"}],"wp:featuredmedia":[{"embeddable":true,"href":"https:\/\/bambapolitica.com.mx\/index.php\/wp-json\/wp\/v2\/media\/91034"}],"wp:attachment":[{"href":"https:\/\/bambapolitica.com.mx\/index.php\/wp-json\/wp\/v2\/media?parent=91033"}],"wp:term":[{"taxonomy":"category","embeddable":true,"href":"https:\/\/bambapolitica.com.mx\/index.php\/wp-json\/wp\/v2\/categories?post=91033"},{"taxonomy":"post_tag","embeddable":true,"href":"https:\/\/bambapolitica.com.mx\/index.php\/wp-json\/wp\/v2\/tags?post=91033"}],"curies":[{"name":"wp","href":"https:\/\/api.w.org\/{rel}","templated":true}]}}