{"id":91039,"date":"2026-04-30T13:17:42","date_gmt":"2026-04-30T19:17:42","guid":{"rendered":"https:\/\/bambapolitica.com.mx\/?p=91039"},"modified":"2026-04-30T13:17:48","modified_gmt":"2026-04-30T19:17:48","slug":"presidenta-de-chimalhuacan-y-secretario-de-movilidad-realizan-recorrido-para-mejorar-circulacion","status":"publish","type":"post","link":"https:\/\/bambapolitica.com.mx\/index.php\/2026\/04\/30\/presidenta-de-chimalhuacan-y-secretario-de-movilidad-realizan-recorrido-para-mejorar-circulacion\/","title":{"rendered":"PRESIDENTA DE CHIMALHUAC\u00c1N Y SECRETARIO DE MOVILIDAD REALIZAN RECORRIDO PARA MEJORAR CIRCULACI\u00d3N"},"content":{"rendered":"\n<p>La presidenta municipal de Chimalhuac\u00e1n, X\u00f3chitl Flores Jim\u00e9nez, junto al secretario de Movilidad del Estado de M\u00e9xico, Juan Hugo de la Rosa Garc\u00eda, y el presidente municipal de Chicoloapan, Javier Mendoza V\u00e1zquez, realizaron un recorrido en la zona de Piedras Negras, sobre la carretera M\u00e9xico\u2013Texcoco.<\/p>\n\n\n\n<p>Durante la visita se analizaron alternativas para disminuir el congestionamiento vial en uno de los accesos m\u00e1s importantes para ambos municipios. En este punto se concentran rutas de transporte concesionado que operan tanto en el bajo puente como en laterales, lo que genera afectaciones constantes a la circulaci\u00f3n, por ello se identificaron opciones para mejorar la entrada y salida del municipio.<\/p>\n\n\n\n<p>La alcaldesa de Chimalhuac\u00e1n indic\u00f3 que el secretario de Movilidad y las \u00e1reas que representa han mostrado disposici\u00f3n para construir una propuesta con la finalidad de garantizar el paso seguro del peat\u00f3n, atender a los transportistas y lograr una mejor circulaci\u00f3n, por lo que se trabajar\u00e1 en un proyecto integral.<\/p>\n\n\n\n<p>De igual forma, mencion\u00f3 que en este punto se contempla el paso del Tren Ligero que conectar\u00e1 Texcoco con La Paz.<\/p>\n\n\n\n<p>Por su parte, el secretario de Movilidad, Juan Hugo de la Rosa Garc\u00eda, se\u00f1al\u00f3 que se trabajar\u00e1 en coordinaci\u00f3n con los transportistas para encontrar soluciones adecuadas. <\/p>\n\n\n\n<p>Adem\u00e1s, destac\u00f3 que la movilidad es un derecho que debe garantizarse mediante vialidades en buenas condiciones, una correcta organizaci\u00f3n del transporte p\u00fablico y la reducci\u00f3n de tiempos de traslado.<\/p>\n\n\n\n<p>En el recorrido tambi\u00e9n participaron el director general de Vialidad del Estado, Jud\u00e1 Levi Apolinar Trujillo; el coordinador de Concertaci\u00f3n Sectorial de la Secretar\u00eda de Movilidad, Sergio Garc\u00eda Romero; y el director general de Movilidad Zona IV en el Estado, Gustavo Viurquiz Mart\u00ednez.<\/p>\n","protected":false},"excerpt":{"rendered":"<p>La presidenta municipal de Chimalhuac\u00e1n, X\u00f3chitl Flores Jim\u00e9nez, junto al secretario de Movilidad del Estado&#8230;<\/p>\n","protected":false},"author":8,"featured_media":91040,"comment_status":"closed","ping_status":"closed","sticky":false,"template":"","format":"standard","meta":{"footnotes":""},"categories":[4],"tags":[],"class_list":["post-91039","post","type-post","status-publish","format-standard","has-post-thumbnail","hentry","category-noticias-del-dia"],"_links":{"self":[{"href":"https:\/\/bambapolitica.com.mx\/index.php\/wp-json\/wp\/v2\/posts\/91039","targetHints":{"allow":["GET"]}}],"collection":[{"href":"https:\/\/bambapolitica.com.mx\/index.php\/wp-json\/wp\/v2\/posts"}],"about":[{"href":"https:\/\/bambapolitica.com.mx\/index.php\/wp-json\/wp\/v2\/types\/post"}],"author":[{"embeddable":true,"href":"https:\/\/bambapolitica.com.mx\/index.php\/wp-json\/wp\/v2\/users\/8"}],"replies":[{"embeddable":true,"href":"https:\/\/bambapolitica.com.mx\/index.php\/wp-json\/wp\/v2\/comments?post=91039"}],"version-history":[{"count":1,"href":"https:\/\/bambapolitica.com.mx\/index.php\/wp-json\/wp\/v2\/posts\/91039\/revisions"}],"predecessor-version":[{"id":91041,"href":"https:\/\/bambapolitica.com.mx\/index.php\/wp-json\/wp\/v2\/posts\/91039\/revisions\/91041"}],"wp:featuredmedia":[{"embeddable":true,"href":"https:\/\/bambapolitica.com.mx\/index.php\/wp-json\/wp\/v2\/media\/91040"}],"wp:attachment":[{"href":"https:\/\/bambapolitica.com.mx\/index.php\/wp-json\/wp\/v2\/media?parent=91039"}],"wp:term":[{"taxonomy":"category","embeddable":true,"href":"https:\/\/bambapolitica.com.mx\/index.php\/wp-json\/wp\/v2\/categories?post=91039"},{"taxonomy":"post_tag","embeddable":true,"href":"https:\/\/bambapolitica.com.mx\/index.php\/wp-json\/wp\/v2\/tags?post=91039"}],"curies":[{"name":"wp","href":"https:\/\/api.w.org\/{rel}","templated":true}]}}