{"id":91049,"date":"2026-05-01T09:18:42","date_gmt":"2026-05-01T15:18:42","guid":{"rendered":"https:\/\/bambapolitica.com.mx\/?p=91049"},"modified":"2026-05-01T09:18:46","modified_gmt":"2026-05-01T15:18:46","slug":"presidenta-claudia-sheinbaum-elige-el-edomex-para-celebrar-el-dia-de-la-nina-y-el-nino-la-gobernadora-delfina-gomez-la-acompana-en-nezahualcoyotl","status":"publish","type":"post","link":"https:\/\/bambapolitica.com.mx\/index.php\/2026\/05\/01\/presidenta-claudia-sheinbaum-elige-el-edomex-para-celebrar-el-dia-de-la-nina-y-el-nino-la-gobernadora-delfina-gomez-la-acompana-en-nezahualcoyotl\/","title":{"rendered":"Presidenta Claudia Sheinbaum Elige el EDOM\u00c9X Para Celebrar el D\u00eda de la Ni\u00f1a y el Ni\u00f1o; La Gobernadora Delfina G\u00f3mez la Acompa\u00f1a en Nezahualc\u00f3yotl"},"content":{"rendered":"\n<h4 class=\"wp-block-heading\"><br>* Anunciaron apoyos directos de 2,500 pesos anuales para estudiantes de primaria p\u00fablica.<\/h4>\n\n\n\n<p>&#8211; Entre ni\u00f1as, ni\u00f1os, mochilas, sonrisas y ambiente de escuela, la Presidenta Claudia Sheinbaum Pardo y la Gobernadora Delfina G\u00f3mez \u00c1lvarez celebraron el D\u00eda de la Ni\u00f1a y el Ni\u00f1o con la entrega de la Beca \u2019Rita Cetina\u2019, un apoyo pensado para que estudiar no dependa del bolsillo de las familias.<\/p>\n\n\n\n<p>Durante el encuentro realizado en Nezahualc\u00f3yotl, se inform\u00f3 que estudiantes de primaria p\u00fablica recibir\u00e1n 2 mil 500 pesos anuales mediante la tarjeta del Banco del Bienestar, adem\u00e1s de uniformes, calzado, mochilas y \u00fatiles escolares.<\/p>\n\n\n\n<p>El objetivo es claro: que ninguna ni\u00f1a o ni\u00f1o deje la escuela por falta de recursos y que las familias mexiquenses tengan un respiro al inicio del ciclo escolar.<\/p>\n\n\n\n<p>\u2019presidenta, estamos con usted, tiene todo nuestro respaldo, nuestro apoyo. Sabe que la queremos mucho y que el Estado de M\u00e9xico no dejar\u00e1 de agradecerle todo lo que est\u00e1 haciendo por esa justicia social y por nuestras familias\u2019, expres\u00f3 la Gobernadora Delfina G\u00f3mez \u00c1lvarez.<\/p>\n\n\n\n<p>Los dep\u00f3sitos se realizar\u00e1n en agosto, de forma directa y sin intermediarios. La informaci\u00f3n podr\u00e1 consultarse en la aplicaci\u00f3n del Banco del Bienestar o por tel\u00e9fono, y el calendario de pagos se organizar\u00e1 por orden alfab\u00e9tico.<\/p>\n\n\n\n<p>La Presidenta Claudia Sheinbaum destac\u00f3 que esta beca forma parte de una pol\u00edtica nacional para reducir desigualdades desde las aulas y fortalecer la educaci\u00f3n p\u00fablica.<\/p>\n\n\n\n<p>En el evento participaron Mario Delgado Carrillo, Secretario de Educaci\u00f3n P\u00fablica; Ang\u00e9lica Nohem\u00ed Ju\u00e1rez P\u00e9rez, Subsecretaria de Educaci\u00f3n B\u00e1sica; Julio C\u00e9sar Le\u00f3n Trujillo, Coordinador Nacional de Becas para el Bienestar, y Adolfo Cerqueda Rebollo, Presidente Municipal de Nezahualc\u00f3yotl.<\/p>\n","protected":false},"excerpt":{"rendered":"<p>* Anunciaron apoyos directos de 2,500 pesos anuales para estudiantes de primaria p\u00fablica. &#8211; Entre&#8230;<\/p>\n","protected":false},"author":3,"featured_media":91050,"comment_status":"closed","ping_status":"closed","sticky":false,"template":"","format":"standard","meta":{"footnotes":""},"categories":[4],"tags":[],"class_list":["post-91049","post","type-post","status-publish","format-standard","has-post-thumbnail","hentry","category-noticias-del-dia"],"_links":{"self":[{"href":"https:\/\/bambapolitica.com.mx\/index.php\/wp-json\/wp\/v2\/posts\/91049","targetHints":{"allow":["GET"]}}],"collection":[{"href":"https:\/\/bambapolitica.com.mx\/index.php\/wp-json\/wp\/v2\/posts"}],"about":[{"href":"https:\/\/bambapolitica.com.mx\/index.php\/wp-json\/wp\/v2\/types\/post"}],"author":[{"embeddable":true,"href":"https:\/\/bambapolitica.com.mx\/index.php\/wp-json\/wp\/v2\/users\/3"}],"replies":[{"embeddable":true,"href":"https:\/\/bambapolitica.com.mx\/index.php\/wp-json\/wp\/v2\/comments?post=91049"}],"version-history":[{"count":1,"href":"https:\/\/bambapolitica.com.mx\/index.php\/wp-json\/wp\/v2\/posts\/91049\/revisions"}],"predecessor-version":[{"id":91051,"href":"https:\/\/bambapolitica.com.mx\/index.php\/wp-json\/wp\/v2\/posts\/91049\/revisions\/91051"}],"wp:featuredmedia":[{"embeddable":true,"href":"https:\/\/bambapolitica.com.mx\/index.php\/wp-json\/wp\/v2\/media\/91050"}],"wp:attachment":[{"href":"https:\/\/bambapolitica.com.mx\/index.php\/wp-json\/wp\/v2\/media?parent=91049"}],"wp:term":[{"taxonomy":"category","embeddable":true,"href":"https:\/\/bambapolitica.com.mx\/index.php\/wp-json\/wp\/v2\/categories?post=91049"},{"taxonomy":"post_tag","embeddable":true,"href":"https:\/\/bambapolitica.com.mx\/index.php\/wp-json\/wp\/v2\/tags?post=91049"}],"curies":[{"name":"wp","href":"https:\/\/api.w.org\/{rel}","templated":true}]}}