{"id":91052,"date":"2026-05-01T09:25:29","date_gmt":"2026-05-01T15:25:29","guid":{"rendered":"https:\/\/bambapolitica.com.mx\/?p=91052"},"modified":"2026-05-01T09:25:32","modified_gmt":"2026-05-01T15:25:32","slug":"ante-violencia-sexual-contra-ninos-y-ninas-se-han-evidenciado-malas-practicas-en-la-imparticion-de-la-justicia-en-veracruz-abogada","status":"publish","type":"post","link":"https:\/\/bambapolitica.com.mx\/index.php\/2026\/05\/01\/ante-violencia-sexual-contra-ninos-y-ninas-se-han-evidenciado-malas-practicas-en-la-imparticion-de-la-justicia-en-veracruz-abogada\/","title":{"rendered":"Ante violencia sexual contra ni\u00f1os y ni\u00f1as se han evidenciado malas pr\u00e1cticas en la impartici\u00f3n de la justicia en Veracruz: abogada"},"content":{"rendered":"\n<p>Para la abogada Karla Micheel Salas Ram\u00edrez, experta en derechos humanos, la violencia sexual en contra de ni\u00f1os y ni\u00f1as es un problema muy documentado en el estado de Veracruz, pero ante el que se han evidenciado malas pr\u00e1cticas en la impartici\u00f3n de la justicia. La abogada, galardonada con el The Council of Bars and Law Societies of Europe (CCBE) Human Rights Award 2010, refiri\u00f3 que en el estado de Veracruz hace unos a\u00f1os se hizo un diagn\u00f3stico donde se revis\u00f3 espec\u00edficamente los expedientes relacionados con violencia sexual cometida en agravio de ni\u00f1as y ni\u00f1os.<\/p>\n\n\n\n<p> \u201cVarios de los casos emblem\u00e1ticos en el pa\u00eds, son provenientes de Veracruz. C\u00f3mo olvidar un caso conocido como el de Los Porkis, donde se evidenciaron justamente las malas pr\u00e1cticas que hay tanto en la Fiscal\u00eda como en el Poder Judicial al no incorporar la perspectiva de g\u00e9nero y por supuesto la perspectiva de infancia\u201d. Pero a pesar de tener las voces de quienes han sido v\u00edctimas y de sus madres, y de que la violencia sexual contra menores es un problema muy documentado en el caso de Veracruz, <\/p>\n\n\n\n<p>\u201clamentablemente no se ha tomado con la seriedad que el problema exige\u201d, asegur\u00f3. En ese sentido, la abogada consider\u00f3 que \u201ces muy importante que la sociedad civil siga insistiendo y que constantemente se haga el llamado y exigencia a las autoridades de actuar adecuada y eficazmente frente a las denuncias de violencia sexual cometidas en contra de ni\u00f1as y ni\u00f1os\u201d. Refiri\u00f3 que este tipo de violencia es un problema muy serio ante el cual no ha habido la respuesta adecuada y efectiva por parte de las autoridades.<\/p>\n\n\n\n<p> Salas Ram\u00edrez, quien ha sido abogada de v\u00edctimas ante la Corte Interamericana de Derechos Humanos, se\u00f1al\u00f3 que Veracruz ha sido se\u00f1alado desde hace ya varios a\u00f1os, y lastimosamente no ha habido la respuesta que por lo menos desde la sociedad civil se exigi\u00f3. \u201cLos casos de violencia sexual cometidos en contra de ni\u00f1as y ni\u00f1os, que no han logrado alcanzar justicia en el estado de Veracruz, si bien no han llegado a\u00fan ante la Corte Interamericana de Derechos Humanos, pueden buscar caminos para no quedarse en lo local. <\/p>\n\n\n\n<p>Es fundamental utilizar el litigio estrat\u00e9gico como una herramienta, saber que no todo tiene que quedar a nivel local, sino que es fundamental acudir a instancias internacionales\u201d, sostuvo. La jurista consider\u00f3 que \u201ces fundamental, es necesario que se fortalezca esa supervisi\u00f3n internacional a las autoridades mexicanas, porque no es algo que nada m\u00e1s le compete a Veracruz, sino que insisto, es un problema que abarca a todas las Fiscal\u00edas y al Poder Judicial de todo el pa\u00eds. Sin embargo, en el caso de Veracruz, el problema se tiene identificado y adem\u00e1s documentado\u201d.<\/p>\n\n\n\n<p> Al respecto, la coordinadora general de la asociaci\u00f3n civil Equifon\u00eda, Adriana Fuentes, se\u00f1al\u00f3 que en los casos de ni\u00f1as de entre 10 y 14 a\u00f1os de edad que est\u00e1n siendo madres, no hay una adecuada investigaci\u00f3n para la impartici\u00f3n de justicia. Acus\u00f3 que los violentadores de las ni\u00f1as no son procesados y sancionados adecuadamente y conforme a las leyes. Y es que, en varios de los 621 casos de embarazos infantiles registrados durante 2024, hay indicios de violencia y abuso por parte de familiares en contra de las menores, pero no hay un actuar adecuado por parte de las autoridades, para llevar a cabo la investigaci\u00f3n pertinente e impartir justicia conforme a ello. <\/p>\n\n\n\n<p>\u201cLos casos de ni\u00f1as que son madres, deben ser investigados, por protocolo, como probable abuso y violencia sexual, pues detr\u00e1s est\u00e1 la comisi\u00f3n de un delito: pederastia\u201d, refiri\u00f3. Las ni\u00f1as que est\u00e1n siendo madres, entre 10 y 14 a\u00f1os de edad en el estado de Veracruz, en la mayor\u00eda de los casos no concluyen ni la primaria o secundaria, lo que deja trunca su educaci\u00f3n b\u00e1sica. \u201cNo normalicemos ver a una ni\u00f1a embarazada de 10 u 11 a\u00f1os. No es normal, es producto de un delito, es el delito de pederastia\u201d, concluy\u00f3.<\/p>\n","protected":false},"excerpt":{"rendered":"<p>Para la abogada Karla Micheel Salas Ram\u00edrez, experta en derechos humanos, la violencia sexual en&#8230;<\/p>\n","protected":false},"author":3,"featured_media":91053,"comment_status":"closed","ping_status":"closed","sticky":false,"template":"","format":"standard","meta":{"footnotes":""},"categories":[4],"tags":[],"class_list":["post-91052","post","type-post","status-publish","format-standard","has-post-thumbnail","hentry","category-noticias-del-dia"],"_links":{"self":[{"href":"https:\/\/bambapolitica.com.mx\/index.php\/wp-json\/wp\/v2\/posts\/91052","targetHints":{"allow":["GET"]}}],"collection":[{"href":"https:\/\/bambapolitica.com.mx\/index.php\/wp-json\/wp\/v2\/posts"}],"about":[{"href":"https:\/\/bambapolitica.com.mx\/index.php\/wp-json\/wp\/v2\/types\/post"}],"author":[{"embeddable":true,"href":"https:\/\/bambapolitica.com.mx\/index.php\/wp-json\/wp\/v2\/users\/3"}],"replies":[{"embeddable":true,"href":"https:\/\/bambapolitica.com.mx\/index.php\/wp-json\/wp\/v2\/comments?post=91052"}],"version-history":[{"count":1,"href":"https:\/\/bambapolitica.com.mx\/index.php\/wp-json\/wp\/v2\/posts\/91052\/revisions"}],"predecessor-version":[{"id":91054,"href":"https:\/\/bambapolitica.com.mx\/index.php\/wp-json\/wp\/v2\/posts\/91052\/revisions\/91054"}],"wp:featuredmedia":[{"embeddable":true,"href":"https:\/\/bambapolitica.com.mx\/index.php\/wp-json\/wp\/v2\/media\/91053"}],"wp:attachment":[{"href":"https:\/\/bambapolitica.com.mx\/index.php\/wp-json\/wp\/v2\/media?parent=91052"}],"wp:term":[{"taxonomy":"category","embeddable":true,"href":"https:\/\/bambapolitica.com.mx\/index.php\/wp-json\/wp\/v2\/categories?post=91052"},{"taxonomy":"post_tag","embeddable":true,"href":"https:\/\/bambapolitica.com.mx\/index.php\/wp-json\/wp\/v2\/tags?post=91052"}],"curies":[{"name":"wp","href":"https:\/\/api.w.org\/{rel}","templated":true}]}}