{"id":91064,"date":"2026-05-01T10:37:39","date_gmt":"2026-05-01T16:37:39","guid":{"rendered":"https:\/\/bambapolitica.com.mx\/?p=91064"},"modified":"2026-05-01T10:37:49","modified_gmt":"2026-05-01T16:37:49","slug":"sheinbaum-rechaza-estar-entre-la-espada-y-la-pared-por-acusacion-de-eu-contra-rocha-moya","status":"publish","type":"post","link":"https:\/\/bambapolitica.com.mx\/index.php\/2026\/05\/01\/sheinbaum-rechaza-estar-entre-la-espada-y-la-pared-por-acusacion-de-eu-contra-rocha-moya\/","title":{"rendered":"Sheinbaum rechaza estar \u201centre la espada y la pared\u201d por acusaci\u00f3n de EU contra Rocha Moya"},"content":{"rendered":"\n<p>Ante los hechos ocurridos recientes con Estados Unidos, reitera que la soberan\u00eda no se negocia y los mexicanos deciden<\/p>\n\n\n\n<p>La presidenta de M\u00e9xico,&nbsp;<strong>Claudia Sheinbaum<\/strong>, asegur\u00f3 que \u201cest\u00e1 fuerte, s\u00f3lida y muy segura\u201d, tras los hechos recientes con Estados Unidos por la participaci\u00f3n de<strong>&nbsp;<a rel=\"noreferrer noopener\" href=\"https:\/\/oem.com.mx\/elsoldemexico\/mexico\/agentes-de-eu-entraron-al-pais-uno-como-visitantes-y-otro-como-diplomatico-29665238\" target=\"_blank\">agentes extranjeros sin permiso en operativos de seguridad<\/a><\/strong>&nbsp;y la&nbsp;<strong><a rel=\"noreferrer noopener\" href=\"https:\/\/oem.com.mx\/elsoldemexico\/mexico\/mexico-recibe-solicitudes-de-extradicion-de-eu-tras-acusacion-a-ruben-rocha-pasa-la-peticion-a-fgr-29732365\" target=\"_blank\">petici\u00f3n de extradici\u00f3n del gobernador de Sinaloa<\/a><\/strong>&nbsp;por posibles&nbsp;<strong>nexos con el narcotr\u00e1fico<\/strong>.<\/p>\n\n\n\n<p>En su conferencia de prensa matutina, Sheinbaum enfatiz\u00f3 que la presidenta est\u00e1 tranquila y \u201c<strong>sin ning\u00fan problema<\/strong>\u201d. Adem\u00e1s, dijo que ante el embate exterior, \u201clo que debe haber es unidad nacional\u201d.<\/p>\n\n\n\n<p>\u201cEst\u00e1 fuerte, s\u00f3lida y muy segura por una sola raz\u00f3n:&nbsp;<strong>nunca nos vamos a separar del pueblo de M\u00e9xico<\/strong>&nbsp;y siempre vamos a&nbsp;<strong>defender la soberan\u00eda por encima de todo<\/strong>. Y tenemos muy claro \u2014y estoy tranquila, sin ning\u00fan problema\u2014 una cosa: es tiempo de la defensa de los principios. Y hay un principio que se llama soberan\u00eda, y esa no se negocia\u201d, apunt\u00f3.<\/p>\n\n\n\n<p>Tambi\u00e9n dijo que quienes deciden son los mexicanos y que la soberan\u00eda no se negocia.<\/p>\n\n\n\n<p>\u201cEstuve viendo algunas publicaciones -que dec\u00edan-`<strong>estan poniendo a la presidenta entre la espada y la pared<\/strong>\u00b4, falso. En M\u00e9xico decidimos los mexicanos, para empezar. Y nosotros siempre&nbsp;<strong>vamos a trabajar con la verdad<\/strong>, la&nbsp;<strong>justicia<\/strong>&nbsp;y la&nbsp;<strong>defensa de la soberan\u00eda<\/strong>, en el caso de Chihuahua, en el caso de Sinaloa y en cualquier otro caso\u201d, refiri\u00f3.<\/p>\n\n\n\n<p>En el caso de la petici\u00f3n de Estados Unidos de la extradici\u00f3n del gobernador de Sinaloa, Rub\u00e9n Rocha Moya, ser\u00e1 la&nbsp;<strong>Fiscal\u00eda General de la Rep\u00fablica<\/strong>&nbsp;quien&nbsp;<strong>investigue<\/strong>. Reiter\u00f3 que se requieren&nbsp;<strong>pruebas en el marco de las leyes<\/strong>&nbsp;y lo que marque la&nbsp;<strong>Constituci\u00f3n<\/strong>.<\/p>\n\n\n\n<blockquote class=\"wp-block-quote is-layout-flow wp-block-quote-is-layout-flow\">\n<p><q>Todo mundo es inocente hasta que no se demuestre que es culpable. As\u00ed es la justicia en M\u00e9xico<\/q><\/p>\n<\/blockquote>\n\n\n\n<p>\u201cTiene que&nbsp;<strong>demostrarse dentro de nuestro marco jur\u00eddico<\/strong>, en efecto, la responsabilidad de una u otra persona, para cualquiera, sea un&nbsp;<strong>servidor p\u00fablico o un mexicano o mexicana<\/strong>. Pero lo que no puede ser es que se hable del&nbsp;<strong>Estado de derecho&nbsp;<\/strong>y se&nbsp;<strong>juzgue previamente<\/strong>. Defendemos nosotros el Estado de derecho, defendemos las leyes, defendemos la Constituci\u00f3n\u201d.<\/p>\n\n\n\n<p>Durante la ma\u00f1anera de este viernes,&nbsp;<strong>l\u00edderes sindicales respaldaron a la presidenta&nbsp;<\/strong>de M\u00e9xico en la defensa de la soberan\u00eda nacional, en el marco de las diferencias que han existido con el gobierno de Estados Unidos.<\/p>\n\n\n\n<p><\/p>\n","protected":false},"excerpt":{"rendered":"<p>Ante los hechos ocurridos recientes con Estados Unidos, reitera que la soberan\u00eda no se negocia&#8230;<\/p>\n","protected":false},"author":3,"featured_media":91065,"comment_status":"closed","ping_status":"closed","sticky":false,"template":"","format":"standard","meta":{"footnotes":""},"categories":[4],"tags":[],"class_list":["post-91064","post","type-post","status-publish","format-standard","has-post-thumbnail","hentry","category-noticias-del-dia"],"_links":{"self":[{"href":"https:\/\/bambapolitica.com.mx\/index.php\/wp-json\/wp\/v2\/posts\/91064","targetHints":{"allow":["GET"]}}],"collection":[{"href":"https:\/\/bambapolitica.com.mx\/index.php\/wp-json\/wp\/v2\/posts"}],"about":[{"href":"https:\/\/bambapolitica.com.mx\/index.php\/wp-json\/wp\/v2\/types\/post"}],"author":[{"embeddable":true,"href":"https:\/\/bambapolitica.com.mx\/index.php\/wp-json\/wp\/v2\/users\/3"}],"replies":[{"embeddable":true,"href":"https:\/\/bambapolitica.com.mx\/index.php\/wp-json\/wp\/v2\/comments?post=91064"}],"version-history":[{"count":1,"href":"https:\/\/bambapolitica.com.mx\/index.php\/wp-json\/wp\/v2\/posts\/91064\/revisions"}],"predecessor-version":[{"id":91066,"href":"https:\/\/bambapolitica.com.mx\/index.php\/wp-json\/wp\/v2\/posts\/91064\/revisions\/91066"}],"wp:featuredmedia":[{"embeddable":true,"href":"https:\/\/bambapolitica.com.mx\/index.php\/wp-json\/wp\/v2\/media\/91065"}],"wp:attachment":[{"href":"https:\/\/bambapolitica.com.mx\/index.php\/wp-json\/wp\/v2\/media?parent=91064"}],"wp:term":[{"taxonomy":"category","embeddable":true,"href":"https:\/\/bambapolitica.com.mx\/index.php\/wp-json\/wp\/v2\/categories?post=91064"},{"taxonomy":"post_tag","embeddable":true,"href":"https:\/\/bambapolitica.com.mx\/index.php\/wp-json\/wp\/v2\/tags?post=91064"}],"curies":[{"name":"wp","href":"https:\/\/api.w.org\/{rel}","templated":true}]}}