{"id":91067,"date":"2026-05-01T10:44:22","date_gmt":"2026-05-01T16:44:22","guid":{"rendered":"https:\/\/bambapolitica.com.mx\/?p=91067"},"modified":"2026-05-01T10:44:27","modified_gmt":"2026-05-01T16:44:27","slug":"el-bloqueo-es-increible-trump-se-celebra-por-cierre-de-ormuz-mientras-el-precio-de-la-gasolina-sube-en-eu","status":"publish","type":"post","link":"https:\/\/bambapolitica.com.mx\/index.php\/2026\/05\/01\/el-bloqueo-es-increible-trump-se-celebra-por-cierre-de-ormuz-mientras-el-precio-de-la-gasolina-sube-en-eu\/","title":{"rendered":"\u2018El bloqueo es incre\u00edble\u2019: Trump se celebra por cierre de Ormuz mientras el precio de la gasolina sube en EU"},"content":{"rendered":"\n<p>Donald Trump asegur\u00f3 que la econom\u00eda de Ir\u00e1n \u2018es un desastre\u2019, mientras EU se enfrenta al incremento en los precios de gasolina de cara a las elecciones.<\/p>\n\n\n\n<p>El&nbsp;<a href=\"https:\/\/www.elfinanciero.com.mx\/mundo\/2026\/04\/30\/trump-advierte-con-retirar-sus-tropas-de-espana-e-italia-por-postura-ante-iran-no-han-servido-de-ayuda\/\" target=\"_blank\" rel=\"noreferrer noopener\">presidente Donald Trump<\/a>&nbsp;afirm\u00f3 que mantendr\u00eda el&nbsp;<strong>bloqueo naval de los puertos iran\u00edes<\/strong>&nbsp;ante la preocupaci\u00f3n de que el vital estrecho de Ormuz no se reabriera pronto.<\/p>\n\n\n\n<p>\u201cSu econom\u00eda se est\u00e1 desplomando,&nbsp;<strong>el bloqueo es incre\u00edble<\/strong>\u201d, dijo Trump a los periodistas en la Casa Blanca. \u201cSu econom\u00eda es un desastre. As\u00ed que veremos cu\u00e1nto tiempo resisten\u201d.<\/p>\n\n\n\n<p>Los&nbsp;<a href=\"https:\/\/www.elfinanciero.com.mx\/opinion\/enrique-quintana\/2026\/04\/30\/y-mientras-otra-vez-el-caos-en-el-petroleo\/\" target=\"_blank\" rel=\"noreferrer noopener\">precios del petr\u00f3leo<\/a>&nbsp;se estabilizaron tras el fuerte repunte del jueves, sin que hubiera indicios de que&nbsp;<strong>Washington y Teher\u00e1n se acercaran a un acuerdo<\/strong>, mientras Estados Unidos redoblaba el bloqueo y el nuevo l\u00edder iran\u00ed hac\u00eda declaraciones contundentes.<\/p>\n\n\n\n<p>Los futuros del Brent subieron inicialmente a&nbsp;<a href=\"https:\/\/www.elfinanciero.com.mx\/mundo\/2026\/04\/30\/petroleo-de-texas-cae-a-105-dolares-el-barril-tras-tocar-las-126-unidades-por-guerra-en-iran\/\" target=\"_blank\" rel=\"noreferrer noopener\">126 d\u00f3lares el barril de petr\u00f3leo<\/a>, su nivel m\u00e1s alto desde que comenz\u00f3 el conflicto, antes de cerrar la sesi\u00f3n cerca de los 114 d\u00f3lares. A primera hora del viernes, el Brent para entrega en julio se cotizaba a unos 111 d\u00f3lares el barril.<\/p>\n\n\n\n<p>Los operadores est\u00e1n teniendo en cuenta la posibilidad de un retorno a las hostilidades y un cierre prolongado del estrecho, que es crucial para los flujos mundiales de petr\u00f3leo y gas, pero que ha estado pr\u00e1cticamente cerrado desde que&nbsp;<strong>Estados Unidos e Israel iniciaron la guerra<\/strong>&nbsp;el 28 de febrero.<\/p>\n\n\n\n<p>Los precios de la gasolina en varias zonas de Estados Unidos tambi\u00e9n est\u00e1n subiendo dr\u00e1sticamente, con un promedio nacional que alcanza nuevos m\u00e1ximos y un precio de venta al p\u00fablico en California que supera los 6 d\u00f3lares por gal\u00f3n. Esto se est\u00e1 convirtiendo en una preocupaci\u00f3n creciente para el&nbsp;<strong>Partido Republicano de Trump<\/strong>&nbsp;de cara a las elecciones de mitad de mandato.<\/p>\n\n\n\n<p>\u201c<strong>El precio del gas bajar\u00e1<\/strong>\u201d, dijo Trump. \u201cEn cuanto termine la guerra, caer\u00e1 en picado\u201d.<\/p>\n\n\n\n<p>Mientras continuaban las maniobras entre Estados Unidos e Ir\u00e1n, Trump fue informado el jueves en la Casa Blanca por el almirante Brad Cooper, jefe del Comando Central de Estados Unidos (que supervisa las fuerzas estadounidenses en Oriente Medio), y el general Dan Caine, presidente del Estado Mayor Conjunto, seg\u00fan Axios, que cit\u00f3 a dos funcionarios estadounidenses an\u00f3nimos. Axios inform\u00f3 anteriormente que el Comando Central hab\u00eda preparado un plan para&nbsp;<strong>una breve oleada de ataques<\/strong>&nbsp;con el fin de romper el estancamiento de las negociaciones.<\/p>\n\n\n\n<p>El jueves por la ma\u00f1ana, el nuevo&nbsp;<a href=\"https:\/\/www.elfinanciero.com.mx\/mundo\/2026\/04\/30\/lider-supremo-de-iran-advierte-que-eu-no-tiene-lugar-en-el-golfo-persico-cometen-actos-malvados\/\" target=\"_blank\" rel=\"noreferrer noopener\">l\u00edder supremo de Ir\u00e1n, Mojtaba Jamenei<\/a>, puso en duda la posibilidad de un acuerdo, al emitir una inusual declaraci\u00f3n en la que prometi\u00f3<strong>&nbsp;no renunciar a las tecnolog\u00edas nucleares<\/strong>&nbsp;ni de misiles del pa\u00eds. Tambi\u00e9n dio a entender que Teher\u00e1n mantendr\u00eda el&nbsp;<a href=\"https:\/\/www.elfinanciero.com.mx\/mundo\/2026\/04\/29\/trump-se-la-canta-a-iran-no-habra-desbloqueo-en-estrecho-de-ormuz-hasta-que-cancelen-programa-nuclear\/\" target=\"_blank\" rel=\"noreferrer noopener\">control del estrecho de Ormuz<\/a>.<\/p>\n\n\n\n<p>El presidente iran\u00ed, Masoud Pezeshkian, afirm\u00f3 el jueves en una publicaci\u00f3n en redes sociales que consideraba el bloqueo naval estadounidense una \u201cextensi\u00f3n de las operaciones militares\u201d y que era \u201cintolerable\u201d.<\/p>\n\n\n\n<p>\u201cTrump quiere poner fin a la guerra con Ir\u00e1n, pero no en los t\u00e9rminos propuestos por Teher\u00e1n\u201d, afirmaron Becca Wasser y Chris Kennedy, analistas de&nbsp;<em>Bloomberg Economics<\/em>. \u201cEsto sugiere que la cuesti\u00f3n ya no es si intensificar\u00e1 el conflicto para presionar por una mejor oferta, sino cu\u00e1ndo y c\u00f3mo. Creemos que la ventana de oportunidad m\u00e1s probable para actuar es dentro de las pr\u00f3ximas dos semanas, y que la reanudaci\u00f3n de los ataques estadounidenses es la opci\u00f3n m\u00e1s probable\u201d.<\/p>\n\n\n\n<p>Ir\u00e1n ha declarado que no reabrir\u00e1 el estrecho a los buques comerciales hasta que&nbsp;<a href=\"https:\/\/www.elfinanciero.com.mx\/mundo\/2026\/04\/29\/el-portaaviones-uss-gerald-r-ford-se-retira-de-medio-oriente-y-regresa-a-eu-tras-309-dias-en-el-mar\/\" target=\"_blank\" rel=\"noreferrer noopener\">Estados Unidos levante el bloqueo<\/a>. Se desconoce&nbsp;<strong>cu\u00e1nto tiempo le queda a Ir\u00e1n<\/strong>&nbsp;antes de que se agoten sus reservas de petr\u00f3leo y se vea obligado a reducir la producci\u00f3n.<\/p>\n","protected":false},"excerpt":{"rendered":"<p>Donald Trump asegur\u00f3 que la econom\u00eda de Ir\u00e1n \u2018es un desastre\u2019, mientras EU se enfrenta&#8230;<\/p>\n","protected":false},"author":3,"featured_media":91068,"comment_status":"closed","ping_status":"closed","sticky":false,"template":"","format":"standard","meta":{"footnotes":""},"categories":[4],"tags":[],"class_list":["post-91067","post","type-post","status-publish","format-standard","has-post-thumbnail","hentry","category-noticias-del-dia"],"_links":{"self":[{"href":"https:\/\/bambapolitica.com.mx\/index.php\/wp-json\/wp\/v2\/posts\/91067","targetHints":{"allow":["GET"]}}],"collection":[{"href":"https:\/\/bambapolitica.com.mx\/index.php\/wp-json\/wp\/v2\/posts"}],"about":[{"href":"https:\/\/bambapolitica.com.mx\/index.php\/wp-json\/wp\/v2\/types\/post"}],"author":[{"embeddable":true,"href":"https:\/\/bambapolitica.com.mx\/index.php\/wp-json\/wp\/v2\/users\/3"}],"replies":[{"embeddable":true,"href":"https:\/\/bambapolitica.com.mx\/index.php\/wp-json\/wp\/v2\/comments?post=91067"}],"version-history":[{"count":1,"href":"https:\/\/bambapolitica.com.mx\/index.php\/wp-json\/wp\/v2\/posts\/91067\/revisions"}],"predecessor-version":[{"id":91069,"href":"https:\/\/bambapolitica.com.mx\/index.php\/wp-json\/wp\/v2\/posts\/91067\/revisions\/91069"}],"wp:featuredmedia":[{"embeddable":true,"href":"https:\/\/bambapolitica.com.mx\/index.php\/wp-json\/wp\/v2\/media\/91068"}],"wp:attachment":[{"href":"https:\/\/bambapolitica.com.mx\/index.php\/wp-json\/wp\/v2\/media?parent=91067"}],"wp:term":[{"taxonomy":"category","embeddable":true,"href":"https:\/\/bambapolitica.com.mx\/index.php\/wp-json\/wp\/v2\/categories?post=91067"},{"taxonomy":"post_tag","embeddable":true,"href":"https:\/\/bambapolitica.com.mx\/index.php\/wp-json\/wp\/v2\/tags?post=91067"}],"curies":[{"name":"wp","href":"https:\/\/api.w.org\/{rel}","templated":true}]}}