{"id":91070,"date":"2026-05-01T11:00:31","date_gmt":"2026-05-01T17:00:31","guid":{"rendered":"https:\/\/bambapolitica.com.mx\/?p=91070"},"modified":"2026-05-01T11:00:35","modified_gmt":"2026-05-01T17:00:35","slug":"capturan-en-valle-de-chalco-a-tres-hombres-y-un-menor-por-portacion-de-arma-de-fuego","status":"publish","type":"post","link":"https:\/\/bambapolitica.com.mx\/index.php\/2026\/05\/01\/capturan-en-valle-de-chalco-a-tres-hombres-y-un-menor-por-portacion-de-arma-de-fuego\/","title":{"rendered":"Capturan en Valle de Chalco a tres hombres y un menor por portaci\u00f3n de arma de fuego"},"content":{"rendered":"\n<ul class=\"wp-block-list\">\n<li>Es probable que est\u00e9n relacionados con el delito de extorsi\u00f3n a comerciantes.<\/li>\n\n\n\n<li>Durante la intervenci\u00f3n se asegur\u00f3 una pistola y varios cartuchos \u00fatiles.<\/li>\n<\/ul>\n\n\n\n<p>Mediante la estrategia de seguridad implementada por la actual administraci\u00f3n, elementos de la Secretar\u00eda de Seguridad del Estado de M\u00e9xico (SSEM), en coordinaci\u00f3n con la Polic\u00eda Municipal, detuvieron a tres hombres y a un menor de edad, probables implicados en el delito de portaci\u00f3n de arma de fuego.<\/p>\n\n\n\n<p>Los hechos se registraron mientras fuerzas de seguridad estatal y municipal efectuaban patrullajes de vigilancia como parte del Mando Unificado Zona Oriente, acciones emanadas de las Mesas de Paz; al circular por calles de la colonia Guadalupana, en Valle de Chalco, los uniformados detectaron a cuatro individuos a bordo de un veh\u00edculo, cuyo conductor mostr\u00f3 una actitud evasiva al notar la presencia policial.<\/p>\n\n\n\n<p>Conforme a protocolo de actuaci\u00f3n los uniformados estatales con comandos verbales le marcaron el alto al conductor, con la finalidad de realizar una inspecci\u00f3n f\u00edsica a los datos de identificaci\u00f3n vehicular; luego de llevar a cabo la inspecci\u00f3n los polic\u00edas encontraron en el interior de la unidad un arma de fuego, calibre 9 mil\u00edmetros, un cargador y varios cartuchos \u00fatiles.<\/p>\n\n\n\n<p>Tras informar que portar una pistola sin el permiso correspondiente constituye un delito, los oficiales detuvieron a Ricardo \u201cN\u201d, de 34 a\u00f1os, Fernando \u201cN\u201d, de 32 a\u00f1os, V\u00edctor Manuel \u201cN\u201d, de 35 a\u00f1os, y un menor de edad, mismos que al parecer pertenecen a una c\u00e9lula delictiva dedicada a la extorsi\u00f3n de locatarios y comerciantes en la regi\u00f3n.<\/p>\n\n\n\n<p>Despu\u00e9s de hacer saber los derechos que la ley otorga, los detenidos, junto con el veh\u00edculo y el arma de fuego, as\u00ed como municiones aseguradas, fueron presentados ante la Agencia del Ministerio P\u00fablico, donde se inici\u00f3 la carpeta de investigaci\u00f3n para determinar su situaci\u00f3n jur\u00eddica.<\/p>\n\n\n\n<p><\/p>\n","protected":false},"excerpt":{"rendered":"<p>Mediante la estrategia de seguridad implementada por la actual administraci\u00f3n, elementos de la Secretar\u00eda de&#8230;<\/p>\n","protected":false},"author":3,"featured_media":91071,"comment_status":"closed","ping_status":"closed","sticky":false,"template":"","format":"standard","meta":{"footnotes":""},"categories":[4],"tags":[],"class_list":["post-91070","post","type-post","status-publish","format-standard","has-post-thumbnail","hentry","category-noticias-del-dia"],"_links":{"self":[{"href":"https:\/\/bambapolitica.com.mx\/index.php\/wp-json\/wp\/v2\/posts\/91070","targetHints":{"allow":["GET"]}}],"collection":[{"href":"https:\/\/bambapolitica.com.mx\/index.php\/wp-json\/wp\/v2\/posts"}],"about":[{"href":"https:\/\/bambapolitica.com.mx\/index.php\/wp-json\/wp\/v2\/types\/post"}],"author":[{"embeddable":true,"href":"https:\/\/bambapolitica.com.mx\/index.php\/wp-json\/wp\/v2\/users\/3"}],"replies":[{"embeddable":true,"href":"https:\/\/bambapolitica.com.mx\/index.php\/wp-json\/wp\/v2\/comments?post=91070"}],"version-history":[{"count":1,"href":"https:\/\/bambapolitica.com.mx\/index.php\/wp-json\/wp\/v2\/posts\/91070\/revisions"}],"predecessor-version":[{"id":91072,"href":"https:\/\/bambapolitica.com.mx\/index.php\/wp-json\/wp\/v2\/posts\/91070\/revisions\/91072"}],"wp:featuredmedia":[{"embeddable":true,"href":"https:\/\/bambapolitica.com.mx\/index.php\/wp-json\/wp\/v2\/media\/91071"}],"wp:attachment":[{"href":"https:\/\/bambapolitica.com.mx\/index.php\/wp-json\/wp\/v2\/media?parent=91070"}],"wp:term":[{"taxonomy":"category","embeddable":true,"href":"https:\/\/bambapolitica.com.mx\/index.php\/wp-json\/wp\/v2\/categories?post=91070"},{"taxonomy":"post_tag","embeddable":true,"href":"https:\/\/bambapolitica.com.mx\/index.php\/wp-json\/wp\/v2\/tags?post=91070"}],"curies":[{"name":"wp","href":"https:\/\/api.w.org\/{rel}","templated":true}]}}