{"id":91073,"date":"2026-05-01T14:52:05","date_gmt":"2026-05-01T20:52:05","guid":{"rendered":"https:\/\/bambapolitica.com.mx\/?p=91073"},"modified":"2026-05-01T14:52:20","modified_gmt":"2026-05-01T20:52:20","slug":"mas-de-20-mil-pequenos-disfrutaron-de-la-feria-del-nino-y-de-la-nina-texcoco-2026","status":"publish","type":"post","link":"https:\/\/bambapolitica.com.mx\/index.php\/2026\/05\/01\/mas-de-20-mil-pequenos-disfrutaron-de-la-feria-del-nino-y-de-la-nina-texcoco-2026\/","title":{"rendered":"M\u00c1S DE 20 MIL PEQUE\u00d1OS DISFRUTARON DE LA FERIA DEL NI\u00d1O Y DE LA NI\u00d1A TEXCOCO 2026."},"content":{"rendered":"\n<p>En un evento lleno de alegr\u00eda, sorpresas y buena salud, convivieron m\u00e1s de 20 mil ni\u00f1os y ni\u00f1as junto con sus familias<\/p>\n\n\n\n<p>La importancia de este evento es que en familia vengan a pasar un d\u00eda entre juegos, alegr\u00eda y sorpresas<\/p>\n\n\n\n<p>Las instalaciones de la Feria Internacional del Caballo se convirtieron en las instalaciones de la Feria del Ni\u00f1o y de la Ni\u00f1a Texcoco 2026, llen\u00e1ndose de risas y alegr\u00eda de las familias Texcocanas y municipios vecinos que acudieron para disfrutar de los Festejos de D\u00eda del Ni\u00f1o y de la ni\u00f1a.<\/p>\n\n\n\n<p>En el Marco de la Feria Infantil, a la que convocaron el Presidente Municipal de Texcoco Nazario Guti\u00e9rrez Mart\u00ednez, y la Presidenta Honoraria del Sistema Municipal para el Desarrollo Integral de la Familia (DIF) Texcoco, Yesenia Armas Tob\u00f3n, asistieron los infantes de este municipio que llenaron de risas, alegr\u00eda e ilusiones este recinto, en donde miles de peque\u00f1os y peque\u00f1as  disfrutaron en familia de juegos mec\u00e1nicos, shows estelares, snacks, hidrataci\u00f3n, sets fotogr\u00e1ficos, regalos sorpresa y una jornada m\u00e9dica asistencial en donde  se realizaron ex\u00e1menes m\u00e9dicos para todos los asistentes.<\/p>\n\n\n\n<p>Yesenia Armas Tob\u00f3n, se\u00f1al\u00f3 que se prepararon para atender a todas y todos peque\u00f1os que pudieron disfrutar de este festival, organizado para la convivencia de toda la familia.<\/p>\n\n\n\n<p>La Feria del Ni\u00f1o y de la Ni\u00f1a, fue una de las m\u00e1s visitadas, ya que asistieron m\u00e1s de 20 mil menores, desde las 10:00 hasta las 20:00 horas, disfrutando en el megadomo de shows como el de 31 minutos, Las Guerreros K Pop, payasitos, as\u00ed como rifas y premios a artistas infantiles de este municipio.<\/p>\n\n\n\n<p>En apoyo a este festival la Secretaria de Salud del Estado de M\u00e9xico, llego con equipo para aplicar vacunas, evaluaciones m\u00e9dicas, atenci\u00f3n psicol\u00f3gica, orientaci\u00f3n nutricional integral para toda la familia.<\/p>\n\n\n\n<p>\u201cHoy hemos logrado contar con un espacio integral para toda la familia, en donde si bien hoy el festejo es para los ni\u00f1os y las ni\u00f1as, la familia es la base para que tengan una mejor forma de vida\u201d, se\u00f1al\u00f3 la Presidenta Honoraria del DIF de Texcoco Yesenia Armas Tob\u00f3n.<\/p>\n\n\n\n<p>En Presidente Municipal de Texcoco Nazario Guti\u00e9rrez Mart\u00ednez se refiri\u00f3 a la importancia que el Gobierno de este municipio ha dado a la unidad de las familias, por ello ha trabajado de la mano con la comunidad, para brindar mejores condiciones de vida, con un mejor entorno, que va desde el embellecimiento de la ciudad, hasta proporcionar espacios dignos para la recreaci\u00f3n como son los parques y jardines que nos generan identidad, entre ellos el jard\u00edn municipal, as\u00ed como espacios de recreaci\u00f3n como el de la Feria del Ni\u00f1o y de la Ni\u00f1a en la que hoy se gener\u00f3 un espacio de convivencia para toda la familia, \u201cporque hoy en d\u00eda, la familia es la base de la felicidad y formaci\u00f3n de nuestras infancias\u201d, afirm\u00f3.<\/p>\n\n\n\n<p>Fue una larga jornada en donde se involucr\u00f3 todo el personal del DIF de Texcoco, que estableci\u00f3 la log\u00edstica para atender a los m\u00e1s de 20 mil ni\u00f1os que asistieron acompa\u00f1ados de sus familias.<\/p>\n\n\n\n<p><\/p>\n","protected":false},"excerpt":{"rendered":"<p>En un evento lleno de alegr\u00eda, sorpresas y buena salud, convivieron m\u00e1s de 20 mil&#8230;<\/p>\n","protected":false},"author":8,"featured_media":91074,"comment_status":"closed","ping_status":"closed","sticky":false,"template":"","format":"standard","meta":{"footnotes":""},"categories":[4],"tags":[],"class_list":["post-91073","post","type-post","status-publish","format-standard","has-post-thumbnail","hentry","category-noticias-del-dia"],"_links":{"self":[{"href":"https:\/\/bambapolitica.com.mx\/index.php\/wp-json\/wp\/v2\/posts\/91073","targetHints":{"allow":["GET"]}}],"collection":[{"href":"https:\/\/bambapolitica.com.mx\/index.php\/wp-json\/wp\/v2\/posts"}],"about":[{"href":"https:\/\/bambapolitica.com.mx\/index.php\/wp-json\/wp\/v2\/types\/post"}],"author":[{"embeddable":true,"href":"https:\/\/bambapolitica.com.mx\/index.php\/wp-json\/wp\/v2\/users\/8"}],"replies":[{"embeddable":true,"href":"https:\/\/bambapolitica.com.mx\/index.php\/wp-json\/wp\/v2\/comments?post=91073"}],"version-history":[{"count":1,"href":"https:\/\/bambapolitica.com.mx\/index.php\/wp-json\/wp\/v2\/posts\/91073\/revisions"}],"predecessor-version":[{"id":91075,"href":"https:\/\/bambapolitica.com.mx\/index.php\/wp-json\/wp\/v2\/posts\/91073\/revisions\/91075"}],"wp:featuredmedia":[{"embeddable":true,"href":"https:\/\/bambapolitica.com.mx\/index.php\/wp-json\/wp\/v2\/media\/91074"}],"wp:attachment":[{"href":"https:\/\/bambapolitica.com.mx\/index.php\/wp-json\/wp\/v2\/media?parent=91073"}],"wp:term":[{"taxonomy":"category","embeddable":true,"href":"https:\/\/bambapolitica.com.mx\/index.php\/wp-json\/wp\/v2\/categories?post=91073"},{"taxonomy":"post_tag","embeddable":true,"href":"https:\/\/bambapolitica.com.mx\/index.php\/wp-json\/wp\/v2\/tags?post=91073"}],"curies":[{"name":"wp","href":"https:\/\/api.w.org\/{rel}","templated":true}]}}