{"id":91078,"date":"2026-05-01T19:01:10","date_gmt":"2026-05-02T01:01:10","guid":{"rendered":"https:\/\/bambapolitica.com.mx\/?p=91078"},"modified":"2026-05-01T19:01:13","modified_gmt":"2026-05-02T01:01:13","slug":"festejan-60-anos-de-vida-y-20-de-labor-social-en-valle-de-chalco","status":"publish","type":"post","link":"https:\/\/bambapolitica.com.mx\/index.php\/2026\/05\/01\/festejan-60-anos-de-vida-y-20-de-labor-social-en-valle-de-chalco\/","title":{"rendered":"Festejan 60 a\u00f1os de vida y 20 de labor social en Valle de Chalco"},"content":{"rendered":"\n<p>En un ambiente de unidad y agradecimiento, la organizaci\u00f3n Unidos por el Bienestar Social (UBIS), liderada por el llamado &#8220;Equipo Jarocho de Tlalpiz\u00e1huac&#8221;, celebr\u00f3 este viernes el 60 aniversario de su l\u00edder social, Modesto Dami\u00e1n Anaya, as\u00ed como las dos d\u00e9cadas de fundaci\u00f3n de esta agrupaci\u00f3n.<\/p>\n\n\n\n<p>El evento, encabezado por el propio Modesto Dami\u00e1n Anaya y la presidenta de la organizaci\u00f3n, la Lic. Ana Rub\u00ed Dami\u00e1n Ram\u00edrez, tuvo lugar en una de las colonias m\u00e1s representativas del municipio, donde la organizaci\u00f3n ech\u00f3 ra\u00edces hace 20 a\u00f1os.<\/p>\n\n\n\n<p>Durante dos d\u00e9cadas, UBIS se ha consolidado como un pilar de apoyo para los habitantes de Valle de Chalco, destacando por sus gestiones en beneficio de la comunidad, que van desde ayudas sociales hasta la gesti\u00f3n de servicios b\u00e1sicos.<\/p>\n\n\n\n<p>Como muestra de agradecimiento por el respaldo y la confianza de los vecinos, los organizadores ofrecieron un gran banquete comunitario. \u201cEste es un momento para fortalecer los lazos de hermandad y recordar que juntos hemos logrado transformar nuestra realidad\u201d, expres\u00f3 Dami\u00e1n Anaya durante su mensaje.<\/p>\n\n\n\n<p>Por su parte, la Lic. Ana Rub\u00ed Dami\u00e1n Ram\u00edrez reafirm\u00f3 el compromiso de la organizaci\u00f3n: \u201cSeguiremos trabajando como el primer d\u00eda, porque Valle de Chalco merece seguir adelante. Estos 20 a\u00f1os son solo el comienzo\u201d.<\/p>\n\n\n\n<p>El festejo concluy\u00f3 entre muestras de cari\u00f1o por parte de los asistentes, quienes reconocieron la constancia y la cercan\u00eda del l\u00edder social y su equipo, sellando as\u00ed una jornada de reflexi\u00f3n, celebraci\u00f3n y compromiso comunitario.<\/p>\n","protected":false},"excerpt":{"rendered":"<p>En un ambiente de unidad y agradecimiento, la organizaci\u00f3n Unidos por el Bienestar Social (UBIS),&#8230;<\/p>\n","protected":false},"author":8,"featured_media":91079,"comment_status":"closed","ping_status":"closed","sticky":false,"template":"","format":"standard","meta":{"footnotes":""},"categories":[4],"tags":[],"class_list":["post-91078","post","type-post","status-publish","format-standard","has-post-thumbnail","hentry","category-noticias-del-dia"],"_links":{"self":[{"href":"https:\/\/bambapolitica.com.mx\/index.php\/wp-json\/wp\/v2\/posts\/91078","targetHints":{"allow":["GET"]}}],"collection":[{"href":"https:\/\/bambapolitica.com.mx\/index.php\/wp-json\/wp\/v2\/posts"}],"about":[{"href":"https:\/\/bambapolitica.com.mx\/index.php\/wp-json\/wp\/v2\/types\/post"}],"author":[{"embeddable":true,"href":"https:\/\/bambapolitica.com.mx\/index.php\/wp-json\/wp\/v2\/users\/8"}],"replies":[{"embeddable":true,"href":"https:\/\/bambapolitica.com.mx\/index.php\/wp-json\/wp\/v2\/comments?post=91078"}],"version-history":[{"count":1,"href":"https:\/\/bambapolitica.com.mx\/index.php\/wp-json\/wp\/v2\/posts\/91078\/revisions"}],"predecessor-version":[{"id":91080,"href":"https:\/\/bambapolitica.com.mx\/index.php\/wp-json\/wp\/v2\/posts\/91078\/revisions\/91080"}],"wp:featuredmedia":[{"embeddable":true,"href":"https:\/\/bambapolitica.com.mx\/index.php\/wp-json\/wp\/v2\/media\/91079"}],"wp:attachment":[{"href":"https:\/\/bambapolitica.com.mx\/index.php\/wp-json\/wp\/v2\/media?parent=91078"}],"wp:term":[{"taxonomy":"category","embeddable":true,"href":"https:\/\/bambapolitica.com.mx\/index.php\/wp-json\/wp\/v2\/categories?post=91078"},{"taxonomy":"post_tag","embeddable":true,"href":"https:\/\/bambapolitica.com.mx\/index.php\/wp-json\/wp\/v2\/tags?post=91078"}],"curies":[{"name":"wp","href":"https:\/\/api.w.org\/{rel}","templated":true}]}}